{"id":9924,"date":"2024-11-19T18:13:46","date_gmt":"2024-11-19T17:13:46","guid":{"rendered":"https:\/\/www.kreisfeuerwehrverband-vechta.de\/?p=9924"},"modified":"2024-11-19T18:17:43","modified_gmt":"2024-11-19T17:17:43","slug":"winterveranstaltung-2024-in-bakum","status":"publish","type":"post","link":"https:\/\/www.kreisfeuerwehrverband-vechta.de\/?p=9924","title":{"rendered":"Winterveranstaltung 2024 in Bakum"},"content":{"rendered":"<p><img fetchpriority=\"high\" decoding=\"async\" class=\"aligncenter wp-image-9925 size-medium\" src=\"http:\/\/www.kreisfeuerwehrverband-vechta.de\/wp_KFV_2016\/wp-content\/uploads\/IMG_4701-scaled-e1732036314488-720x347.jpg\" alt=\"\" width=\"720\" height=\"347\" srcset=\"https:\/\/www.kreisfeuerwehrverband-vechta.de\/wp_KFV_2016\/wp-content\/uploads\/IMG_4701-scaled-e1732036314488-720x347.jpg 720w, https:\/\/www.kreisfeuerwehrverband-vechta.de\/wp_KFV_2016\/wp-content\/uploads\/IMG_4701-scaled-e1732036314488-1920x925.jpg 1920w, https:\/\/www.kreisfeuerwehrverband-vechta.de\/wp_KFV_2016\/wp-content\/uploads\/IMG_4701-scaled-e1732036314488-1536x740.jpg 1536w, https:\/\/www.kreisfeuerwehrverband-vechta.de\/wp_KFV_2016\/wp-content\/uploads\/IMG_4701-scaled-e1732036314488-2048x986.jpg 2048w\" sizes=\"(max-width: 720px) 100vw, 720px\" \/><\/p>\n<p>Am Samstag den 16.11.2024 war es wieder soweit, die allj\u00e4hrliche Winterveranstaltung der KJF Vechta stand an, diesmal ausgerichtet von der JF Bakum. In einem knapp 7km langen Orientierungsmarsch durch Bakum, mussten die Jugendfeuerwehren mehrere Stationen mesitern. Am Ende setzte sich die Jugendfeuerwehr Visbek knapp vor der JF S\u00fcdlohne und den Hausherren aus Bakum durch. Die JF Rechterfeld, welche in Bakum ihr Deb\u00fct als eigenst\u00e4ndige Jugendfeuerwehr feierte, erreichte einen achtbaren achten Platz. Das Gesamtergebnis findet ihr am Ende diese Beitrages. Wir m\u00f6chten uns bei der Jugendfeuerwehr Bakum f\u00fcr die tolle Veranstaltung bedanken, und freuen uns auf das Pfingstzeltlager n\u00e4chstes Jahr bei euch.<\/p>\n<p>Das Ergebnis:<\/p>\n<ol>\n<li>Visbek<\/li>\n<li>S\u00fcdlohne<\/li>\n<li>Bakum<\/li>\n<li>L\u00fcsche<\/li>\n<li>Osterfeine<\/li>\n<li>Langf\u00f6rden<\/li>\n<li>Borringhausen<\/li>\n<li>Rechterfeld<\/li>\n<li>Steinfeld<\/li>\n<li>Holdorf<\/li>\n<li>Vechta<\/li>\n<li>Dinklage<\/li>\n<li>Goldenstedt<\/li>\n<li>Lutten<\/li>\n<li>Lohne<\/li>\n<li>Damme<\/li>\n<li>Brockdorf<\/li>\n<li>Neuenkirchen<\/li>\n<\/ol>\n","protected":false},"excerpt":{"rendered":"<p>Am Samstag den 16.11.2024 war es wieder soweit, die allj\u00e4hrliche Winterveranstaltung der KJF Vechta stand an, diesmal ausgerichtet von der JF Bakum. In einem knapp 7km langen Orientierungsmarsch durch Bakum, mussten die Jugendfeuerwehren mehrere Stationen mesitern. Am Ende setzte sich<\/p>\n","protected":false},"author":10,"featured_media":9925,"comment_status":"closed","ping_status":"closed","sticky":false,"template":"","format":"standard","meta":{"ngg_post_thumbnail":0,"footnotes":""},"categories":[5],"tags":[],"class_list":["post-9924","post","type-post","status-publish","format-standard","has-post-thumbnail","hentry","category-kreisjugendfeuerwehr"],"_links":{"self":[{"href":"https:\/\/www.kreisfeuerwehrverband-vechta.de\/index.php?rest_route=\/wp\/v2\/posts\/9924","targetHints":{"allow":["GET"]}}],"collection":[{"href":"https:\/\/www.kreisfeuerwehrverband-vechta.de\/index.php?rest_route=\/wp\/v2\/posts"}],"about":[{"href":"https:\/\/www.kreisfeuerwehrverband-vechta.de\/index.php?rest_route=\/wp\/v2\/types\/post"}],"author":[{"embeddable":true,"href":"https:\/\/www.kreisfeuerwehrverband-vechta.de\/index.php?rest_route=\/wp\/v2\/users\/10"}],"replies":[{"embeddable":true,"href":"https:\/\/www.kreisfeuerwehrverband-vechta.de\/index.php?rest_route=%2Fwp%2Fv2%2Fcomments&post=9924"}],"version-history":[{"count":0,"href":"https:\/\/www.kreisfeuerwehrverband-vechta.de\/index.php?rest_route=\/wp\/v2\/posts\/9924\/revisions"}],"wp:featuredmedia":[{"embeddable":true,"href":"https:\/\/www.kreisfeuerwehrverband-vechta.de\/index.php?rest_route=\/wp\/v2\/media\/9925"}],"wp:attachment":[{"href":"https:\/\/www.kreisfeuerwehrverband-vechta.de\/index.php?rest_route=%2Fwp%2Fv2%2Fmedia&parent=9924"}],"wp:term":[{"taxonomy":"category","embeddable":true,"href":"https:\/\/www.kreisfeuerwehrverband-vechta.de\/index.php?rest_route=%2Fwp%2Fv2%2Fcategories&post=9924"},{"taxonomy":"post_tag","embeddable":true,"href":"https:\/\/www.kreisfeuerwehrverband-vechta.de\/index.php?rest_route=%2Fwp%2Fv2%2Ftags&post=9924"}],"curies":[{"name":"wp","href":"https:\/\/api.w.org\/{rel}","templated":true}]}}