{"id":9226,"date":"2024-04-04T18:23:28","date_gmt":"2024-04-04T16:23:28","guid":{"rendered":"http:\/\/www.kreisfeuerwehrverband-vechta.de\/?p=9226"},"modified":"2024-04-04T18:23:28","modified_gmt":"2024-04-04T16:23:28","slug":"mitgliederversammlung-der-ehrenabteilung-20-03-2024","status":"publish","type":"post","link":"https:\/\/www.kreisfeuerwehrverband-vechta.de\/?p=9226","title":{"rendered":"Mitgliederversammlung der Ehrenabteilung \/ 20.03.2024"},"content":{"rendered":"<p>Am 20.03.2024 versammelten sich die Mitglieder der Ehrenabteilung der freiwilligen Feuerwehren im Landkreis Vechta in L\u00fcsche zur j\u00e4hrlichen Mitgliederhauptversammlung. Der Vorsitzende Johannes Enneking begr\u00fc\u00dfte alle Anwesenden recht herzlich.<\/p>\n<p>Ein wichtiger Punkt war die Findung eines neuen Namens. Da auch bereits j\u00fcngere Kameraden aufgenommen werden k\u00f6nnen, wurde die Bezeichnung \u201eEhrenabteilung\u201c nach Abstimmung gew\u00e4hlt. Im Beisein des stv. B\u00fcrgermeisters Werner Beckermann sowie des Gemeindebrandmeisters Christoph Zerhusen wurden die Regularien zur Aufnahme festgelegt.<\/p>\n<p>Johannes Enneking stellte zudem den Plan f\u00fcr das kommende Jahr vor. Auch im Jahr 2024 geht es f\u00fcr die Kameraden inkl. Frauen zum Steinhuder Meer. Im Herbst findet zudem das traditionelle Kohlessen in Brockdorf statt. Im Laufe des Jahres wird es zudem eine Besichtigung eines Kulturgeb\u00e4udes oder eines Betriebes geben. Sowohl der stv. B\u00fcrgermeister Werner Beckermann als auch Gemeindebrandmeister Christoph Zerhusen freuten sich sehr, dass die Ehrenabteilung so viele Unternehmungen durchf\u00fchrt. Beide freuten sich \u00fcber die Einladung zur Versammlung, denn gerade in dieser Runde seien viele Kameraden, die sich \u00fcber Jahrzehnte f\u00fcr die Feuerwehr einsetzen.<\/p>\n<p>Nach der Verlesung des Kassenberichtes durch Eduard Flegel begr\u00fc\u00dfte Johannes Enneking auch die Neuaufnahmen, die im vergangenen und in diesem Jahr zur Ehrenabteilung dazugesto\u00dfen sind. Die neuen Mitglieder gaben positives Feedback und zeigten sich sehr erfreut \u00fcber die Aufnahme.<\/p>\n<p>Auch Kreisbrandmeister Matthias Trumme nahm an der Versammlung teil und richtete einige Worte an die Kameraden. Trumme nahm Stellung zum Umzug der Einsatzleitstelle und der FTZ in ihre neuen R\u00e4umlichkeiten, die bereits weit fortgeschritten sind. Ferner ging er auf die Lehrgangssituation f\u00fcr die Feuerwehren ein. \u201eDie Regelung sei nicht zufriedenstellend\u201c, so Matthias Trumme.&nbsp; Dem konnten sich die Anwesenden nur anschlie\u00dfen.<\/p>\n<p>Matthias Trumme erl\u00e4uterte auch den aktuellen Sachstand bei der Anschaffung neuer Uniformen. Zudem verk\u00fcndete er, dass die Ehrenabteilung in Zukunft einen h\u00f6heren Zuschuss f\u00fcr Unternehmungen erh\u00e4lt.<\/p>\n<p>Danach schloss der Vorsitzende Johannes Enneking die Versammlung. Die Anwesenden tauschten anschlie\u00dfend in gem\u00fctlicher Runde einige Erfahrungen und Erlebnisse der vergangenen Jahre aus.<\/p>\n<p><img fetchpriority=\"high\" decoding=\"async\" class=\"aligncenter wp-image-9225\" src=\"http:\/\/www.kreisfeuerwehrverband-vechta.de\/wp_KFV_2016\/wp-content\/uploads\/2024-03-20_Mitgliederversammlung_Foto-scaled.jpg\" alt=\"\" width=\"1400\" height=\"788\" srcset=\"https:\/\/www.kreisfeuerwehrverband-vechta.de\/wp_KFV_2016\/wp-content\/uploads\/2024-03-20_Mitgliederversammlung_Foto-scaled.jpg 2560w, https:\/\/www.kreisfeuerwehrverband-vechta.de\/wp_KFV_2016\/wp-content\/uploads\/2024-03-20_Mitgliederversammlung_Foto-300x169.jpg 300w, https:\/\/www.kreisfeuerwehrverband-vechta.de\/wp_KFV_2016\/wp-content\/uploads\/2024-03-20_Mitgliederversammlung_Foto-1024x576.jpg 1024w, https:\/\/www.kreisfeuerwehrverband-vechta.de\/wp_KFV_2016\/wp-content\/uploads\/2024-03-20_Mitgliederversammlung_Foto-1536x864.jpg 1536w, https:\/\/www.kreisfeuerwehrverband-vechta.de\/wp_KFV_2016\/wp-content\/uploads\/2024-03-20_Mitgliederversammlung_Foto-2048x1152.jpg 2048w\" sizes=\"(max-width: 1400px) 100vw, 1400px\" \/><\/p>\n","protected":false},"excerpt":{"rendered":"<p>Am 20.03.2024 versammelten sich die Mitglieder der Ehrenabteilung der freiwilligen Feuerwehren im Landkreis Vechta in L\u00fcsche zur j\u00e4hrlichen Mitgliederhauptversammlung. Der Vorsitzende Johannes Enneking begr\u00fc\u00dfte alle Anwesenden recht herzlich. Ein wichtiger Punkt war die Findung eines neuen Namens. Da auch bereits<\/p>\n","protected":false},"author":5,"featured_media":9225,"comment_status":"closed","ping_status":"closed","sticky":false,"template":"","format":"standard","meta":{"ngg_post_thumbnail":0,"footnotes":""},"categories":[45],"tags":[],"class_list":["post-9226","post","type-post","status-publish","format-standard","has-post-thumbnail","hentry","category-ehrenabteilung"],"_links":{"self":[{"href":"https:\/\/www.kreisfeuerwehrverband-vechta.de\/index.php?rest_route=\/wp\/v2\/posts\/9226","targetHints":{"allow":["GET"]}}],"collection":[{"href":"https:\/\/www.kreisfeuerwehrverband-vechta.de\/index.php?rest_route=\/wp\/v2\/posts"}],"about":[{"href":"https:\/\/www.kreisfeuerwehrverband-vechta.de\/index.php?rest_route=\/wp\/v2\/types\/post"}],"author":[{"embeddable":true,"href":"https:\/\/www.kreisfeuerwehrverband-vechta.de\/index.php?rest_route=\/wp\/v2\/users\/5"}],"replies":[{"embeddable":true,"href":"https:\/\/www.kreisfeuerwehrverband-vechta.de\/index.php?rest_route=%2Fwp%2Fv2%2Fcomments&post=9226"}],"version-history":[{"count":0,"href":"https:\/\/www.kreisfeuerwehrverband-vechta.de\/index.php?rest_route=\/wp\/v2\/posts\/9226\/revisions"}],"wp:featuredmedia":[{"embeddable":true,"href":"https:\/\/www.kreisfeuerwehrverband-vechta.de\/index.php?rest_route=\/wp\/v2\/media\/9225"}],"wp:attachment":[{"href":"https:\/\/www.kreisfeuerwehrverband-vechta.de\/index.php?rest_route=%2Fwp%2Fv2%2Fmedia&parent=9226"}],"wp:term":[{"taxonomy":"category","embeddable":true,"href":"https:\/\/www.kreisfeuerwehrverband-vechta.de\/index.php?rest_route=%2Fwp%2Fv2%2Fcategories&post=9226"},{"taxonomy":"post_tag","embeddable":true,"href":"https:\/\/www.kreisfeuerwehrverband-vechta.de\/index.php?rest_route=%2Fwp%2Fv2%2Ftags&post=9226"}],"curies":[{"name":"wp","href":"https:\/\/api.w.org\/{rel}","templated":true}]}}