{"id":9207,"date":"2024-03-10T22:10:04","date_gmt":"2024-03-10T21:10:04","guid":{"rendered":"http:\/\/www.kreisfeuerwehrverband-vechta.de\/?p=9207"},"modified":"2024-03-10T22:10:04","modified_gmt":"2024-03-10T21:10:04","slug":"kjf-tag-09-03-2024-in-lohne","status":"publish","type":"post","link":"https:\/\/www.kreisfeuerwehrverband-vechta.de\/?p=9207","title":{"rendered":"KJF-Tag 09.03.2024 in Lohne"},"content":{"rendered":"<p>Am gestrigen Samstag, dem 09.03.2024 fand der 31. Kreisjugendfeuerwehrtag statt. Ausgerichtet hat ihn in diesem Jahr die Jugendfeuerwehr S\u00fcdlohne in der Sport- und Mehrzweckhalle \u201eLohneum\u201c in Lohne. Der Einladung sind zahlreiche G\u00e4ste gefolgt, die Kreisjugendfeuerwehrwart Markus Fiswick herzlich begr\u00fc\u00dfte. Die G\u00e4ste unterstrichen immer wieder gerne, dass die Feuerwehr ein einzigartiges Hobby ist, bei dem man sehr viele Eigenschaften lernt, wie zum Beispiel im Team zu arbeiten, die Bereitschaft zum Helfen oder die Entschlossenheit etwas zu schaffen. Um es mit den Worten des Regierungsbrandmeisters Udo Schwarz auszudr\u00fccken: \u201edie Feuerwehr ist das geilste Hobby der Welt\u201c. Matthias Trumme konnte nach seinen gesprochenen Gru\u00dfworten noch eine Bef\u00f6rderung durchf\u00fchren. Er bef\u00f6rderte KJF-Wart Markus Fiswick zum Oberbrandmeister. Dieser war sehr \u00fcberrascht \u00fcber diese Bef\u00f6rderung, freut sich aber dadurch umso mehr.<\/p>\n<p>KJF-Wart Fiswick berichtete im Anschluss \u00fcber das Jahr 2023. Am Jahresanfang z\u00e4hlte die Kreisjugendfeuerwehr 407 Kinder und Jugendliche. Im gesamten Jahr 2023 konnten wir 101 Mitglieder dazugewinnen, 47 Mitglieder sind in die Einsatzabteilung gewechselt, 43 Mitglieder verlie\u00dfen die Jugendfeuerwehr aus anderen Gr\u00fcnden. Au\u00dferdem engagierten sich 149 Betreuer in der Jugendfeuerwehr. Weitere erfreuliche Ereignisse waren die Jubil\u00e4en der Jugendfeuerwehren Dinklage und Damme, die ihr 50-j\u00e4hriges Bestehen feiern konnten. Des Weiteren nahmen im Zeltlager so viele Teilnehmer wie noch nie teil, n\u00e4mlich 471 Kinder, Jugendliche und Betreuer.<\/p>\n<p>&nbsp;<\/p>\n<p>Kommen wir zu den Wahlen. An diesem Tag fanden vier Wahlen statt: Kreisjugendfeuerwehrwart, Kassenwart, Schriftf\u00fchrer und Fachbereichsleiter \u00d6ffentlichkeitsarbeit. F\u00fcr die \u00c4mter des Kassenwartes und der Schriftf\u00fchrerin wurden Daniel Burwinkel und Annika Wilke wiedergew\u00e4hlt. Markus Fiswick lie\u00df sich nicht erneut zum KJF-Wart aufstellen, es fand sich aber ein bekanntes Gesicht: Alexandra Runnebohm aus S\u00fcdlohne, die von 2008 bis 2017 bereits KJF-Wartin war, stelle sich zur Wahl. Mit einem sehr deutlichen Wahlergebnis besetzt Alexandra Runnebohm nun wieder den Posten. Auch Hannah Runnebohm, die in den letzten Jahren Fachbereichsleiterin f\u00fcr die \u00d6ffentlichkeitsarbeit war, lie\u00df sich nicht wieder aufstellen. Hier besetzt nun Dustin Hellmann aus der JF L\u00fcsche den Posten.<\/p>\n<p>Zum Abschluss des KJF-Tages wurden Markus Fiswick und Hannah Runnebohm f\u00fcr ihre langj\u00e4hrige T\u00e4tigkeit im Kreisjugendfeuerwehrvorstandes mit einem Pr\u00e4sent verabschiedet. Au\u00dferdem wurde, aufgrund seiner geleisteten Arbeit in der Jugendfeuerwehr und der Teilnahme an den allj\u00e4hrlichen Pfingstzeltlagern, Dammes Stadtbrandmeister Jens Varenau mit der Florianmedaille ausgezeichnet.<\/p>\n","protected":false},"excerpt":{"rendered":"<p>Am gestrigen Samstag, dem 09.03.2024 fand der 31. Kreisjugendfeuerwehrtag statt. Ausgerichtet hat ihn in diesem Jahr die Jugendfeuerwehr S\u00fcdlohne in der Sport- und Mehrzweckhalle \u201eLohneum\u201c in Lohne. Der Einladung sind zahlreiche G\u00e4ste gefolgt, die Kreisjugendfeuerwehrwart Markus Fiswick herzlich begr\u00fc\u00dfte. Die<\/p>\n","protected":false},"author":1,"featured_media":9209,"comment_status":"closed","ping_status":"closed","sticky":false,"template":"","format":"standard","meta":{"ngg_post_thumbnail":0,"footnotes":""},"categories":[5],"tags":[],"class_list":["post-9207","post","type-post","status-publish","format-standard","has-post-thumbnail","hentry","category-kreisjugendfeuerwehr"],"_links":{"self":[{"href":"https:\/\/www.kreisfeuerwehrverband-vechta.de\/index.php?rest_route=\/wp\/v2\/posts\/9207","targetHints":{"allow":["GET"]}}],"collection":[{"href":"https:\/\/www.kreisfeuerwehrverband-vechta.de\/index.php?rest_route=\/wp\/v2\/posts"}],"about":[{"href":"https:\/\/www.kreisfeuerwehrverband-vechta.de\/index.php?rest_route=\/wp\/v2\/types\/post"}],"author":[{"embeddable":true,"href":"https:\/\/www.kreisfeuerwehrverband-vechta.de\/index.php?rest_route=\/wp\/v2\/users\/1"}],"replies":[{"embeddable":true,"href":"https:\/\/www.kreisfeuerwehrverband-vechta.de\/index.php?rest_route=%2Fwp%2Fv2%2Fcomments&post=9207"}],"version-history":[{"count":0,"href":"https:\/\/www.kreisfeuerwehrverband-vechta.de\/index.php?rest_route=\/wp\/v2\/posts\/9207\/revisions"}],"wp:featuredmedia":[{"embeddable":true,"href":"https:\/\/www.kreisfeuerwehrverband-vechta.de\/index.php?rest_route=\/wp\/v2\/media\/9209"}],"wp:attachment":[{"href":"https:\/\/www.kreisfeuerwehrverband-vechta.de\/index.php?rest_route=%2Fwp%2Fv2%2Fmedia&parent=9207"}],"wp:term":[{"taxonomy":"category","embeddable":true,"href":"https:\/\/www.kreisfeuerwehrverband-vechta.de\/index.php?rest_route=%2Fwp%2Fv2%2Fcategories&post=9207"},{"taxonomy":"post_tag","embeddable":true,"href":"https:\/\/www.kreisfeuerwehrverband-vechta.de\/index.php?rest_route=%2Fwp%2Fv2%2Ftags&post=9207"}],"curies":[{"name":"wp","href":"https:\/\/api.w.org\/{rel}","templated":true}]}}