{"id":9125,"date":"2023-11-16T09:00:28","date_gmt":"2023-11-16T08:00:28","guid":{"rendered":"http:\/\/www.kreisfeuerwehrverband-vechta.de\/?p=9125"},"modified":"2023-12-03T08:08:58","modified_gmt":"2023-12-03T07:08:58","slug":"15-11-2023-fuehrung-fuer-ehemalige-fuehrungskraefte","status":"publish","type":"post","link":"https:\/\/www.kreisfeuerwehrverband-vechta.de\/?p=9125","title":{"rendered":"15.11.2023 \/ F\u00fchrung f\u00fcr ehemalige F\u00fchrungskr\u00e4fte"},"content":{"rendered":"<p>Holdorf (Lk Vechta) &#8211; Am 15.11.2023 trafen sich die Mitglieder der ehemaligen F\u00fchrungskr\u00e4fte der Freiwilligen Feuerwehren des Landkreises Vechta bei der Fa. Seppeler Verzinkerei in Holdorf zu einer Betriebsbesichtigung. Mit dabei waren auch der stv. Landrat Gerd Muhle sowie der stv. Ortsbrandmeister der FF Holdorf Max gr. Schlarmann. Die Mitarbeiter Markus Wehage und Zbigniew Baier f\u00fchrten in zwei Gruppen ihre Besucher durch den Betrieb und erkl\u00e4rten ausf\u00fchrlich und informativ \u00fcber das Unternehmen und die Produktion. Von der Warenannahme, zur Verwiegung, Entfettung des angelieferten Materials im S\u00e4urebad, \u00fcber die Verzinkung bis hin zur Verpackung\/Auslieferung erhielten die G\u00e4ste ausf\u00fchrliche Informationen. Auch f\u00fcr zahlreiche Fragen der Kameraden blieb selbstverst\u00e4ndlich Zeit. Das die Verzinkerei in Holdorf den breitesten Verzinkungskessel in Deutschland hat, hat an diesem Nachmittag viele der Teilnehmer \u00fcberrascht.<\/p>\n<p>Nach der Besichtigung ging es f\u00fcr alle Anwesenden ins Feuerwehrhaus Holdorf zum gemeinsamen Gr\u00fcnkohlessen. B\u00fcrgermeister Dr. Wolfgang Krug begr\u00fc\u00dfte alle Teilnehmer recht herzlich, bevor der stv. Landrat Gerd Muhle ebenfalls herzliche Gru\u00dfworte f\u00fcr die Teilnehmer fand. Alle Teilnehmer wurden an diesem Nachmittag und Abend bestens von den Holdorfer Kameradinnen und Kameraden bzw. deren Frauen mit Gr\u00fcnkohl und Getr\u00e4nken versorgt. Als Dankesch\u00f6n \u00fcbergab der Vorsitzende der Ehren- und Altersabteilung Johannes Enneking zwei Pr\u00e4sente an Paul Lindemann als Organisator. Auch die Mitarbeiter der Verzinkerei Holdorf erhielten f\u00fcr die tolle F\u00fchrung Pr\u00e4sente.<\/p>\n<p><a href=\"http:\/\/www.kreisfeuerwehrverband-vechta.de\/wp_KFV_2016\/wp-content\/uploads\/2023-11-15_Besichtigung-ehemalige-Brandmeister-scaled.jpg\"><img fetchpriority=\"high\" decoding=\"async\" class=\"aligncenter wp-image-9124\" src=\"http:\/\/www.kreisfeuerwehrverband-vechta.de\/wp_KFV_2016\/wp-content\/uploads\/2023-11-15_Besichtigung-ehemalige-Brandmeister-scaled.jpg\" alt=\"\" width=\"1200\" height=\"644\" srcset=\"https:\/\/www.kreisfeuerwehrverband-vechta.de\/wp_KFV_2016\/wp-content\/uploads\/2023-11-15_Besichtigung-ehemalige-Brandmeister-scaled.jpg 2560w, https:\/\/www.kreisfeuerwehrverband-vechta.de\/wp_KFV_2016\/wp-content\/uploads\/2023-11-15_Besichtigung-ehemalige-Brandmeister-300x161.jpg 300w, https:\/\/www.kreisfeuerwehrverband-vechta.de\/wp_KFV_2016\/wp-content\/uploads\/2023-11-15_Besichtigung-ehemalige-Brandmeister-1024x549.jpg 1024w, https:\/\/www.kreisfeuerwehrverband-vechta.de\/wp_KFV_2016\/wp-content\/uploads\/2023-11-15_Besichtigung-ehemalige-Brandmeister-1536x824.jpg 1536w, https:\/\/www.kreisfeuerwehrverband-vechta.de\/wp_KFV_2016\/wp-content\/uploads\/2023-11-15_Besichtigung-ehemalige-Brandmeister-2048x1099.jpg 2048w\" sizes=\"(max-width: 1200px) 100vw, 1200px\" \/><\/a><\/p>\n","protected":false},"excerpt":{"rendered":"<p>Holdorf (Lk Vechta) &#8211; Am 15.11.2023 trafen sich die Mitglieder der ehemaligen F\u00fchrungskr\u00e4fte der Freiwilligen Feuerwehren des Landkreises Vechta bei der Fa. Seppeler Verzinkerei in Holdorf zu einer Betriebsbesichtigung. Mit dabei waren auch der stv. Landrat Gerd Muhle sowie der<\/p>\n","protected":false},"author":5,"featured_media":9124,"comment_status":"closed","ping_status":"closed","sticky":false,"template":"","format":"standard","meta":{"ngg_post_thumbnail":0,"footnotes":""},"categories":[45],"tags":[],"class_list":["post-9125","post","type-post","status-publish","format-standard","has-post-thumbnail","hentry","category-ehrenabteilung"],"_links":{"self":[{"href":"https:\/\/www.kreisfeuerwehrverband-vechta.de\/index.php?rest_route=\/wp\/v2\/posts\/9125","targetHints":{"allow":["GET"]}}],"collection":[{"href":"https:\/\/www.kreisfeuerwehrverband-vechta.de\/index.php?rest_route=\/wp\/v2\/posts"}],"about":[{"href":"https:\/\/www.kreisfeuerwehrverband-vechta.de\/index.php?rest_route=\/wp\/v2\/types\/post"}],"author":[{"embeddable":true,"href":"https:\/\/www.kreisfeuerwehrverband-vechta.de\/index.php?rest_route=\/wp\/v2\/users\/5"}],"replies":[{"embeddable":true,"href":"https:\/\/www.kreisfeuerwehrverband-vechta.de\/index.php?rest_route=%2Fwp%2Fv2%2Fcomments&post=9125"}],"version-history":[{"count":0,"href":"https:\/\/www.kreisfeuerwehrverband-vechta.de\/index.php?rest_route=\/wp\/v2\/posts\/9125\/revisions"}],"wp:featuredmedia":[{"embeddable":true,"href":"https:\/\/www.kreisfeuerwehrverband-vechta.de\/index.php?rest_route=\/wp\/v2\/media\/9124"}],"wp:attachment":[{"href":"https:\/\/www.kreisfeuerwehrverband-vechta.de\/index.php?rest_route=%2Fwp%2Fv2%2Fmedia&parent=9125"}],"wp:term":[{"taxonomy":"category","embeddable":true,"href":"https:\/\/www.kreisfeuerwehrverband-vechta.de\/index.php?rest_route=%2Fwp%2Fv2%2Fcategories&post=9125"},{"taxonomy":"post_tag","embeddable":true,"href":"https:\/\/www.kreisfeuerwehrverband-vechta.de\/index.php?rest_route=%2Fwp%2Fv2%2Ftags&post=9125"}],"curies":[{"name":"wp","href":"https:\/\/api.w.org\/{rel}","templated":true}]}}