{"id":8745,"date":"2022-07-10T18:50:02","date_gmt":"2022-07-10T16:50:02","guid":{"rendered":"http:\/\/www.kreisfeuerwehrverband-vechta.de\/?p=8745"},"modified":"2022-07-10T18:50:02","modified_gmt":"2022-07-10T16:50:02","slug":"verabschiedung-pfarrer-silvaraju-kativallu-10-07-2022","status":"publish","type":"post","link":"https:\/\/www.kreisfeuerwehrverband-vechta.de\/?p=8745","title":{"rendered":"Verabschiedung Pfarrer Silvaraju Kativallu \/ 10.07.2022"},"content":{"rendered":"<p>Am 10.07.2022 nahmen einige F\u00fchrungskr\u00e4fte der Feuerwehren des Landkreises Vechta, darunter Kreisbrandmeister Matthias Trumme sowie seine Stellvertreter Udo Schwarz und Michael Ahrling, an der Abschiedsfeier von Pfarrer Silvaraju Kativallu statt. Silva, wie er von allen nur genannt wird, war seit 2013 in der Kirchengemeinde St. Johannes Baptist in Steinfeld bzw. Holdorf t\u00e4tig. Seit 2018 war er zudem Mitglied der Feuerwehr Steinfeld und f\u00fcr den Fachbereich &#8222;Seelsorge&#8220; beim Kreisfeuerwehrverband zust\u00e4ndig.<\/p>\n<p>Aufgrund einer neuen Aufgabe als Priester in Oldenburg-B\u00fcmmerstede zum 01.08.2022 lud Silva zu einer Abschiedsfeier im Garten des Pfarrhauses Holdorf ein. Kreisbrandmeister Matthias Trumme \u00fcberreichte gemeinsam mit seinen Stellvertretern sowie den Gemeindebrandmeistern der Feuerwehr Steinfeld ein Pr\u00e4sent. Matthias Trumme dankte Silva f\u00fcr seine Unterst\u00fctzung und Arbeit im Bereich Seelsorge. &#8222;Es ist schade, dass du weg gehst. Wir h\u00e4tten dich hier sehr gerne behalten. Alle Feuerwehren des Landkreises Vechta w\u00fcnschen dir f\u00fcr deinen weiteren Weg alles erdenklich Gute&#8220;, so Matthias Trumme.<\/p>\n<figure id=\"attachment_8746\" aria-describedby=\"caption-attachment-8746\" style=\"width: 750px\" class=\"wp-caption aligncenter\"><img fetchpriority=\"high\" decoding=\"async\" class=\"size-large wp-image-8746\" src=\"http:\/\/www.kreisfeuerwehrverband-vechta.de\/wp_KFV_2016\/wp-content\/uploads\/2022-07-10_Verabschiedung-Silva-1024x668.jpg\" alt=\"\" width=\"750\" height=\"489\" srcset=\"https:\/\/www.kreisfeuerwehrverband-vechta.de\/wp_KFV_2016\/wp-content\/uploads\/2022-07-10_Verabschiedung-Silva-1024x668.jpg 1024w, https:\/\/www.kreisfeuerwehrverband-vechta.de\/wp_KFV_2016\/wp-content\/uploads\/2022-07-10_Verabschiedung-Silva-300x196.jpg 300w, https:\/\/www.kreisfeuerwehrverband-vechta.de\/wp_KFV_2016\/wp-content\/uploads\/2022-07-10_Verabschiedung-Silva-1536x1002.jpg 1536w, https:\/\/www.kreisfeuerwehrverband-vechta.de\/wp_KFV_2016\/wp-content\/uploads\/2022-07-10_Verabschiedung-Silva-2048x1336.jpg 2048w\" sizes=\"(max-width: 750px) 100vw, 750px\" \/><figcaption id=\"caption-attachment-8746\" class=\"wp-caption-text\">Silva (2. v. r.) erhielt zum Abschied noch ein Geschenk vom (v.l.) stv. KBM Udo Schwarz, stv. KBM Michael Ahrling, GBM der FF Steinfeld Jan-Hendrik Bahlmann und seinem Stellvertreter Kris Taylor sowie Kreisbrandmeister Matthias Trumme<\/figcaption><\/figure>\n","protected":false},"excerpt":{"rendered":"<p>Am 10.07.2022 nahmen einige F\u00fchrungskr\u00e4fte der Feuerwehren des Landkreises Vechta, darunter Kreisbrandmeister Matthias Trumme sowie seine Stellvertreter Udo Schwarz und Michael Ahrling, an der Abschiedsfeier von Pfarrer Silvaraju Kativallu statt. Silva, wie er von allen nur genannt wird, war seit<\/p>\n","protected":false},"author":5,"featured_media":8746,"comment_status":"closed","ping_status":"closed","sticky":false,"template":"","format":"standard","meta":{"ngg_post_thumbnail":0,"footnotes":""},"categories":[1],"tags":[],"class_list":["post-8745","post","type-post","status-publish","format-standard","has-post-thumbnail","hentry","category-kreisfeuerwehrverband"],"_links":{"self":[{"href":"https:\/\/www.kreisfeuerwehrverband-vechta.de\/index.php?rest_route=\/wp\/v2\/posts\/8745","targetHints":{"allow":["GET"]}}],"collection":[{"href":"https:\/\/www.kreisfeuerwehrverband-vechta.de\/index.php?rest_route=\/wp\/v2\/posts"}],"about":[{"href":"https:\/\/www.kreisfeuerwehrverband-vechta.de\/index.php?rest_route=\/wp\/v2\/types\/post"}],"author":[{"embeddable":true,"href":"https:\/\/www.kreisfeuerwehrverband-vechta.de\/index.php?rest_route=\/wp\/v2\/users\/5"}],"replies":[{"embeddable":true,"href":"https:\/\/www.kreisfeuerwehrverband-vechta.de\/index.php?rest_route=%2Fwp%2Fv2%2Fcomments&post=8745"}],"version-history":[{"count":0,"href":"https:\/\/www.kreisfeuerwehrverband-vechta.de\/index.php?rest_route=\/wp\/v2\/posts\/8745\/revisions"}],"wp:featuredmedia":[{"embeddable":true,"href":"https:\/\/www.kreisfeuerwehrverband-vechta.de\/index.php?rest_route=\/wp\/v2\/media\/8746"}],"wp:attachment":[{"href":"https:\/\/www.kreisfeuerwehrverband-vechta.de\/index.php?rest_route=%2Fwp%2Fv2%2Fmedia&parent=8745"}],"wp:term":[{"taxonomy":"category","embeddable":true,"href":"https:\/\/www.kreisfeuerwehrverband-vechta.de\/index.php?rest_route=%2Fwp%2Fv2%2Fcategories&post=8745"},{"taxonomy":"post_tag","embeddable":true,"href":"https:\/\/www.kreisfeuerwehrverband-vechta.de\/index.php?rest_route=%2Fwp%2Fv2%2Ftags&post=8745"}],"curies":[{"name":"wp","href":"https:\/\/api.w.org\/{rel}","templated":true}]}}