{"id":8640,"date":"2022-05-06T22:53:16","date_gmt":"2022-05-06T20:53:16","guid":{"rendered":"http:\/\/www.kreisfeuerwehrverband-vechta.de\/?p=8640"},"modified":"2022-05-06T22:53:48","modified_gmt":"2022-05-06T20:53:48","slug":"8640","status":"publish","type":"post","link":"https:\/\/www.kreisfeuerwehrverband-vechta.de\/?p=8640","title":{"rendered":"TH-Ausbildungstag des Norkreises \/ 30.04.2022"},"content":{"rendered":"<div class=\"cxmmr5t8 oygrvhab hcukyx3x c1et5uql o9v6fnle ii04i59q\">\n<div dir=\"auto\">Am Samstag, den 30.04.2022, trafen sich die F\u00fchrungskr\u00e4fte der Feuerwehren des Nordkreises Vechta in Lutten, um sich im Bereich der technischen Hilfeleistung fortzubilden.<\/div>\n<\/div>\n<div class=\"cxmmr5t8 oygrvhab hcukyx3x c1et5uql o9v6fnle ii04i59q\">\n<div dir=\"auto\">Die Kr\u00e4fte der <span class=\"nc684nl6\">Feuerwehr Visbek<\/span>, <span class=\"nc684nl6\">Freiwillige Feuerwehr Rechterfeld<\/span>, <span class=\"nc684nl6\">Feuerwehr Goldenstedt<\/span>, <span class=\"nc684nl6\">Feuerwehr Vechta<\/span>, <span class=\"nc684nl6\">Freiwillige Feuerwehr Bakum<\/span>, <span class=\"nc684nl6\">Freiwillige Feuerwehr L\u00fcsche<\/span>, <span class=\"nc684nl6\">Feuerwehr Lutten<\/span> sowie die Feuerwehr Langf\u00f6rden begannen den Tag mit einem theoretischen Teil zu alternativen Fahrzeugantrieben, die eine immer gr\u00f6\u00dfere Pr\u00e4senz auf unseren Stra\u00dfen zeigen. Grunds\u00e4tze und Verhaltensregeln spielen bei technischen Hilfeleistungen mit solchen Fahrzeugen eine gro\u00dfe Rolle.<\/div>\n<\/div>\n<div class=\"cxmmr5t8 oygrvhab hcukyx3x c1et5uql o9v6fnle ii04i59q\">\n<div dir=\"auto\">Im weiteren Verlauf des Tages wurden auch verschiedene praktische Szenarien durchgespielt. Auf dem Gel\u00e4nde der Firma L\u00fcers Maschinen- und Stahlbau konnte das Szenario \u201ePKW unter Container\u201c abgearbeitet werden. Eingesetzt wurden hier verschiedene Abst\u00fctzsysteme, unter anderem das Abst\u00fctz- und Hebesystem von <span class=\"nc684nl6\">Paratech Fire &amp; Rescue Equipment<\/span>. Die Feuerwehr Vechta, die dieses System bereits einsetzt, stellte den sicheren Umgang und die Vorgehensweise vor. Zudem sind in weiteren Szenarien Winden und weitere technische Rettungsger\u00e4te eingesetzt und vorgef\u00fchrt worden.<\/div>\n<\/div>\n<div class=\"cxmmr5t8 oygrvhab hcukyx3x c1et5uql o9v6fnle ii04i59q\">\n<div dir=\"auto\">Neben der technischen Weiterbildung wurde zudem die \u00fcber\u00f6rtliche Zusammenarbeit der Feuerwehren im Nordkreis Vechta gest\u00e4rkt.<\/div>\n<div dir=\"auto\"><em><span style=\"font-size: 8pt;\">(Text: Feuerwehr Langf\u00f6rden \/ Bilder: Feuerwehr Lutten)<\/span><\/em><\/div>\n<\/div>\n<div dir=\"auto\">\nngg_shortcode_0_placeholder\n<\/div>\n","protected":false},"excerpt":{"rendered":"<p>Am Samstag, den 30.04.2022, trafen sich die F\u00fchrungskr\u00e4fte der Feuerwehren des Nordkreises Vechta in Lutten, um sich im Bereich der technischen Hilfeleistung fortzubilden. Die Kr\u00e4fte der Feuerwehr Visbek, Freiwillige Feuerwehr Rechterfeld, Feuerwehr Goldenstedt, Feuerwehr Vechta, Freiwillige Feuerwehr Bakum, Freiwillige Feuerwehr<\/p>\n","protected":false},"author":5,"featured_media":8650,"comment_status":"closed","ping_status":"closed","sticky":false,"template":"","format":"standard","meta":{"ngg_post_thumbnail":0,"footnotes":""},"categories":[10],"tags":[],"class_list":["post-8640","post","type-post","status-publish","format-standard","has-post-thumbnail","hentry","category-ausbildung"],"_links":{"self":[{"href":"https:\/\/www.kreisfeuerwehrverband-vechta.de\/index.php?rest_route=\/wp\/v2\/posts\/8640","targetHints":{"allow":["GET"]}}],"collection":[{"href":"https:\/\/www.kreisfeuerwehrverband-vechta.de\/index.php?rest_route=\/wp\/v2\/posts"}],"about":[{"href":"https:\/\/www.kreisfeuerwehrverband-vechta.de\/index.php?rest_route=\/wp\/v2\/types\/post"}],"author":[{"embeddable":true,"href":"https:\/\/www.kreisfeuerwehrverband-vechta.de\/index.php?rest_route=\/wp\/v2\/users\/5"}],"replies":[{"embeddable":true,"href":"https:\/\/www.kreisfeuerwehrverband-vechta.de\/index.php?rest_route=%2Fwp%2Fv2%2Fcomments&post=8640"}],"version-history":[{"count":0,"href":"https:\/\/www.kreisfeuerwehrverband-vechta.de\/index.php?rest_route=\/wp\/v2\/posts\/8640\/revisions"}],"wp:featuredmedia":[{"embeddable":true,"href":"https:\/\/www.kreisfeuerwehrverband-vechta.de\/index.php?rest_route=\/wp\/v2\/media\/8650"}],"wp:attachment":[{"href":"https:\/\/www.kreisfeuerwehrverband-vechta.de\/index.php?rest_route=%2Fwp%2Fv2%2Fmedia&parent=8640"}],"wp:term":[{"taxonomy":"category","embeddable":true,"href":"https:\/\/www.kreisfeuerwehrverband-vechta.de\/index.php?rest_route=%2Fwp%2Fv2%2Fcategories&post=8640"},{"taxonomy":"post_tag","embeddable":true,"href":"https:\/\/www.kreisfeuerwehrverband-vechta.de\/index.php?rest_route=%2Fwp%2Fv2%2Ftags&post=8640"}],"curies":[{"name":"wp","href":"https:\/\/api.w.org\/{rel}","templated":true}]}}