{"id":8512,"date":"2022-03-16T21:30:54","date_gmt":"2022-03-16T20:30:54","guid":{"rendered":"http:\/\/www.kreisfeuerwehrverband-vechta.de\/?p=8512"},"modified":"2022-03-16T21:30:54","modified_gmt":"2022-03-16T20:30:54","slug":"kjf-tag-am-12-03-2022-in-goldenstedt","status":"publish","type":"post","link":"https:\/\/www.kreisfeuerwehrverband-vechta.de\/?p=8512","title":{"rendered":"KJF-Tag am 12.03.2022 in Goldenstedt"},"content":{"rendered":"<p>Kreisjugendfeuerwehrwart (KJFW) Markus Fiswick er\u00f6ffnete den 29.ordentlichen Kreisjugendfeuerwehrtag am 12.03.2022 in Goldenstedt und begr\u00fc\u00dfte den Landrat Tobias Gerdesmeyer, den B\u00fcrgermeister von Goldenstedt Alfred Kuhlmann, den Gemeindebrandmeister Hubert Thomann, Goldenstedts Ortsbrandmeister Stefan Zwick und seinen Stellvertreter Gerhard Schewe, den Kreisbrandmeister (KBM) Matthias Trumme und seinen zweiten Stellvertreter Michael Ahrling, den Landesjugendfeuerwehrwart (LJFW) Sascha B\u00e4dorf, die ehemalige Kreisjugendfeuerwehrwartin Alexandra Runnebohm, alle Orts-, Gemeinde- und Stadtbrandmeister, alle Jugendfeuerwehrwarte mit ihren Stellvertretern und Betreuern, die Jugendsprecher und Jugendlichen, sowie die G\u00e4ste.<\/p>\n<figure id=\"attachment_8514\" aria-describedby=\"caption-attachment-8514\" style=\"width: 901px\" class=\"wp-caption aligncenter\"><img fetchpriority=\"high\" decoding=\"async\" class=\"wp-image-8514\" src=\"http:\/\/www.kreisfeuerwehrverband-vechta.de\/wp_KFV_2016\/wp-content\/uploads\/KJF-Tag-in-Goldenstedt.jpg\" alt=\"\" width=\"901\" height=\"601\" srcset=\"https:\/\/www.kreisfeuerwehrverband-vechta.de\/wp_KFV_2016\/wp-content\/uploads\/KJF-Tag-in-Goldenstedt.jpg 1000w, https:\/\/www.kreisfeuerwehrverband-vechta.de\/wp_KFV_2016\/wp-content\/uploads\/KJF-Tag-in-Goldenstedt-300x200.jpg 300w\" sizes=\"(max-width: 901px) 100vw, 901px\" \/><figcaption id=\"caption-attachment-8514\" class=\"wp-caption-text\">V.l.n.r.: Hubert Thomann, Tobias Gerdesmeyer, Matthias Trumme, Alfred Kuhlmann, Alexander Meyer, Annika Wilke, Sascha B\u00e4dorf, Hannah Runnebohm, Daniel Burwinkel, Jens Br\u00e4uer, Tanja Rawe, Markus Fiswick<\/figcaption><\/figure>\n<p>Die ersten Gru\u00dfworte durfte Landrat Tobias Gerdesmeyer sprechen. Er betonte wie sehr er sich freute mal wieder raus zu kommen, da aufgrund der Corona-Pandemie einige Veranstaltungen ausfallen mussten. Des Weiteren betonte er wie wichtig ihm die Feuerwehr und auch gerade die Jugendfeuerwehr ist, denn diese sei die Zukunft der Freiwilligen Feuerwehr. Gerade nach den k\u00fcrzlich vergangenen St\u00fcrmen sei es wichtig zu wissen, dass eine Feuerwehr da ist und hilft. Im Anschluss sprach B\u00fcrgermeister Alfred Kuhlmann einige Worte. Er sei stolz, dass die Gemeinde nicht nur von den touristischen Sehensw\u00fcrdigkeiten gepr\u00e4gt sei, sondern auch von der Feuerwehr. Er bedankte sich bei den Jugendfeuerwehrwarten und den Betreuern, die trotz Pandemie weiter \u00dcbungsdienste veranstaltet hatten. Stefan Zwick, Ortsbrandmeister von Goldenstedt, hielt sich kurz und begr\u00fc\u00dfte alle recht herzlich in Goldenstedt. Im Anschluss berichtete LJFW Sascha B\u00e4dorf noch einige Neuigkeiten aus der Landesjugendfeuerwehr.<\/p>\n<p>Im vergangenen Jahr konnten 414 Dienste abgehalten werden, in 4 Jugendfeuerwehren konnte die Jugendflamme verliehen werden, 13 Gruppen bestanden die Leistungsspange, 38 Mitglieder konnten in die aktive Wehr eintreten und 8 Jugendfeuerwehren haben schon Kinder auf der Warteliste, die in die JF eintreten wollen, berichtete KJFW Markus Fiswick erfreut. Trotz der Pandemie konnten einige Aktionen in den einzelnen JFs oder auch in der Kreisjugendfeuerwehr stattfinden. Daf\u00fcr bedankte sich Fiswick bei den 18 Jugendfeuerwehrwarten und den knapp 140 Betreuern der Jugendfeuerwehren des Landkreises Vechta.<\/p>\n<p>Bei den Wahlen wurde eine neue Position im Vorstand der Kreisjugendfeuerwehr besetzt: Fachbereichsleiter (FBL) Lehrgangsarbeit. Dieses Amt tr\u00e4gt nun Tanja Rawe aus der JF Damme. Sie wird sich als FBL Lehrgangsarbeit in Zukunft um die Kiste \u201e1 Kiste \u2013 100 Ideen\u201c k\u00fcmmern, in der viele verschiedene Utensilien enthalten sind, mit denen Dienste veranstaltet werden k\u00f6nnen. Des Weiteren wird Tanja Rawe sich um den \u201cLos geht\u00b4s Tag\u201d k\u00fcmmern, welcher in Verbindung mit der genannten Kiste veranstaltet werden und die Wiederaufnahme des Dienstbetriebes in der Jugendfeuerwehr unterst\u00fctzen soll. Bei der Wahl zum stellv. Kreisjugendfeuerwehrwart wurde Jens Br\u00e4uer f\u00fcr weitere drei Jahre gew\u00e4hlt.<\/p>\n<p>Im Anschluss an die Wahlen folge eine Ehrung. Alexander Meyer&nbsp;wurde mit der Florianmedaille der Nieders\u00e4chsischen Jugendfeuerwehr ausgezeichnet. Der ehemalige Ortsbrandmeister aus Holdorf war hauptverantwortlich f\u00fcr die Gr\u00fcndung der Jugendfeuerwehr am 01.01.2009 und setzte sich seitdem immer sehr f\u00fcr die Jugendfeuerwehr ein.<\/p>\n<p>Im Anschluss bedankte sich KBM Matthias Trumme bei der Jugendfeuerwehr und der Freiwilligen Feuerwehr Goldenstedt f\u00fcr die Ausrichtung des KJF-Tages. Zus\u00e4tzlich \u00fcberraschte er mit einer weiteren Ehrung. Diese sollte an KJFW Markus Fiswick gehe. Er bekam die Ehrennadel des Landesfeuerwehrverbandes in Bronze f\u00fcr seine geleistete Arbeit in der FF sowie in der JF.<\/p>\n<figure id=\"attachment_8515\" aria-describedby=\"caption-attachment-8515\" style=\"width: 901px\" class=\"wp-caption aligncenter\"><img decoding=\"async\" class=\"wp-image-8515 \" src=\"http:\/\/www.kreisfeuerwehrverband-vechta.de\/wp_KFV_2016\/wp-content\/uploads\/Ehrung-Markus-Fiswick.jpg\" alt=\"\" width=\"901\" height=\"601\" srcset=\"https:\/\/www.kreisfeuerwehrverband-vechta.de\/wp_KFV_2016\/wp-content\/uploads\/Ehrung-Markus-Fiswick.jpg 1000w, https:\/\/www.kreisfeuerwehrverband-vechta.de\/wp_KFV_2016\/wp-content\/uploads\/Ehrung-Markus-Fiswick-300x200.jpg 300w\" sizes=\"(max-width: 901px) 100vw, 901px\" \/><figcaption id=\"caption-attachment-8515\" class=\"wp-caption-text\">Verleihung der Ehrennadel. Links: KBM Matthias Trumme, rechts: KJFW Markus Fiswick<\/figcaption><\/figure>\n<p>Abschlie\u00dfend hatte der stellv. KJFW Jens Br\u00e4uer noch einige Termine die in diesem Jahr anstehen, wie zum Beispiel das Pfingstzeltlager in Borringhausen, welches nach zwei Jahren des Ausfalls wieder stattfinden soll und beendete danach die Sitzung.<\/p>\n","protected":false},"excerpt":{"rendered":"<p>Kreisjugendfeuerwehrwart (KJFW) Markus Fiswick er\u00f6ffnete den 29.ordentlichen Kreisjugendfeuerwehrtag am 12.03.2022 in Goldenstedt und begr\u00fc\u00dfte den Landrat Tobias Gerdesmeyer, den B\u00fcrgermeister von Goldenstedt Alfred Kuhlmann, den Gemeindebrandmeister Hubert Thomann, Goldenstedts Ortsbrandmeister Stefan Zwick und seinen Stellvertreter Gerhard Schewe, den Kreisbrandmeister (KBM)<\/p>\n","protected":false},"author":1,"featured_media":8514,"comment_status":"closed","ping_status":"closed","sticky":false,"template":"","format":"standard","meta":{"ngg_post_thumbnail":0,"footnotes":""},"categories":[5],"tags":[],"class_list":["post-8512","post","type-post","status-publish","format-standard","has-post-thumbnail","hentry","category-kreisjugendfeuerwehr"],"_links":{"self":[{"href":"https:\/\/www.kreisfeuerwehrverband-vechta.de\/index.php?rest_route=\/wp\/v2\/posts\/8512","targetHints":{"allow":["GET"]}}],"collection":[{"href":"https:\/\/www.kreisfeuerwehrverband-vechta.de\/index.php?rest_route=\/wp\/v2\/posts"}],"about":[{"href":"https:\/\/www.kreisfeuerwehrverband-vechta.de\/index.php?rest_route=\/wp\/v2\/types\/post"}],"author":[{"embeddable":true,"href":"https:\/\/www.kreisfeuerwehrverband-vechta.de\/index.php?rest_route=\/wp\/v2\/users\/1"}],"replies":[{"embeddable":true,"href":"https:\/\/www.kreisfeuerwehrverband-vechta.de\/index.php?rest_route=%2Fwp%2Fv2%2Fcomments&post=8512"}],"version-history":[{"count":0,"href":"https:\/\/www.kreisfeuerwehrverband-vechta.de\/index.php?rest_route=\/wp\/v2\/posts\/8512\/revisions"}],"wp:featuredmedia":[{"embeddable":true,"href":"https:\/\/www.kreisfeuerwehrverband-vechta.de\/index.php?rest_route=\/wp\/v2\/media\/8514"}],"wp:attachment":[{"href":"https:\/\/www.kreisfeuerwehrverband-vechta.de\/index.php?rest_route=%2Fwp%2Fv2%2Fmedia&parent=8512"}],"wp:term":[{"taxonomy":"category","embeddable":true,"href":"https:\/\/www.kreisfeuerwehrverband-vechta.de\/index.php?rest_route=%2Fwp%2Fv2%2Fcategories&post=8512"},{"taxonomy":"post_tag","embeddable":true,"href":"https:\/\/www.kreisfeuerwehrverband-vechta.de\/index.php?rest_route=%2Fwp%2Fv2%2Ftags&post=8512"}],"curies":[{"name":"wp","href":"https:\/\/api.w.org\/{rel}","templated":true}]}}