{"id":5938,"date":"2018-02-04T10:29:59","date_gmt":"2018-02-04T09:29:59","guid":{"rendered":"http:\/\/www.kreisfeuerwehrverband-vechta.de\/?p=5938"},"modified":"2018-02-04T10:36:13","modified_gmt":"2018-02-04T09:36:13","slug":"jahresbericht-2017-ehren-und-altersabteilung","status":"publish","type":"post","link":"https:\/\/www.kreisfeuerwehrverband-vechta.de\/?p=5938","title":{"rendered":"Jahresbericht 2017 Ehren- und Altersabteilung"},"content":{"rendered":"<p>Ehren- und Altersabteilung der freiwilligen Feuerwehren des Landkreises Vechta<\/p>\n<p>Jahresbericht vom 01.01.2017 \u2013 31.12.2017<\/p>\n<ul style=\"list-style-type: square;\">\n<li>20.01.2017 1. Vorstandssitzung beim 1. Vorsitzenden Ludwig Tombr\u00e4gel <br \/>\n Themen: Jahresbericht 2016 <br \/>\n Kassenbericht 2016 <br \/>\n Veranstaltungen 2017 <br \/>\n Vorbereitungen f\u00fcr die Vorstandswahlen am 15.03.2017<br \/>\n Verschiedenes<\/li>\n<li>15.03.2017 fand die erste Zusammenkunft des Jahres im Feuerwehrhaus Fladderlohausen statt. <br \/>\n Vorsitzender Ludwig Tombr\u00e4gel begr\u00fc\u00dfte den B\u00fcrgermeister der Gemeinde Holdorf, Dr. Wolfgang Krug, den stellv. Gemeindebrandmeister Jens Wobbeler, den Ortsbrandmeister von Fladderlohausen, Klaus Meyer und 35 Kameraden der Ehren- und Altersabteilung. Nach einer Kaffeepause fanden Neuwahlen f\u00fcr den Vorstand statt. Zum Vorsitzenden wurde Ludwig Tombr\u00e4gel wiedergew\u00e4hlt, ebenso wurde Werner Ostendorf zum Kassenwart und Schriftf\u00fchrer wiedergew\u00e4hlt. Bei den 3 Beisitzern gab es eine Ver\u00e4nderung, wiedergew\u00e4hlt wurden Johannes Honkomp, Heinz Starmann und als Ersatz f\u00fcr Josef von der Heide wurde Johannes Enneking in den Vorstand gew\u00e4hlt.<\/li>\n<li>19.03.2017 Beerdigung unseres Kameraden Hans Sieve.<\/li>\n<li>05.04.2017 Beerdigung unseres Kameraden Heribert Kreutzmann<\/li>\n<li>11.04.2017 2. Vorstandssitzung im Feuerwehrhaus Langf\u00f6rden<br \/>\n Themen: Vorbereitungen Jahresausflug nach Emsb\u00fchren<br \/>\n Personaldaten<br \/>\n Verschiedenes<\/li>\n<li>29.04.2017 nahmen wir mit 17 Kameraden an der Verbandsversammlung des KFB in Steinfeld teil.<\/li>\n<li>12.07.2017 fand unser diesj\u00e4hriger Ausflug mit Damen nach Emsb\u00fchren ins Gartencenter Emsflower und Outlet-Center in Ochtrup statt. Der Abschluss war im Feuerwehrhaus Dinklage. Es nahmen 47 Personen daran teil.<\/li>\n<li>11.10.2017 3. Vorstandssitzung bei Heinz Starmann in Neuenkirchen. <br \/>\n Themen: Vorbereitungen Besichtigung bei Adidas im Niedersachsenpark in Rieste<br \/>\n Kohlessen in Neuenkirchen<br \/>\n Verschiedenes<\/li>\n<li>27.10.2017 Zum Abschluss des Jahres waren wir zur Besichtigung bei Adidas im Niedersachsenpark in Rieste und anschlie\u00dfend Kohlessen im Feuerwehrhaus Neuenkirchen. Dort wurden wir vom B\u00fcrgermeister der Gemeinde Neuenkirchen-V\u00f6rden, Ansgar Brockmann und dem Ortsbrandmeister von der Feuerwehr Neuenkirchen, Arnim Umland begr\u00fc\u00dft. 36 Kameraden nahmen daran teil.<\/li>\n<\/ul>\n","protected":false},"excerpt":{"rendered":"<p>Ehren- und Altersabteilung der freiwilligen Feuerwehren des Landkreises Vechta Jahresbericht vom 01.01.2017 \u2013 31.12.2017 20.01.2017 1. Vorstandssitzung beim 1. Vorsitzenden Ludwig Tombr\u00e4gel Themen: Jahresbericht 2016 Kassenbericht 2016 Veranstaltungen 2017 Vorbereitungen f\u00fcr die Vorstandswahlen am 15.03.2017 Verschiedenes 15.03.2017 fand die erste<\/p>\n","protected":false},"author":1,"featured_media":0,"comment_status":"closed","ping_status":"closed","sticky":false,"template":"","format":"standard","meta":{"ngg_post_thumbnail":0,"footnotes":""},"categories":[45],"tags":[],"class_list":["post-5938","post","type-post","status-publish","format-standard","hentry","category-ehrenabteilung"],"_links":{"self":[{"href":"https:\/\/www.kreisfeuerwehrverband-vechta.de\/index.php?rest_route=\/wp\/v2\/posts\/5938","targetHints":{"allow":["GET"]}}],"collection":[{"href":"https:\/\/www.kreisfeuerwehrverband-vechta.de\/index.php?rest_route=\/wp\/v2\/posts"}],"about":[{"href":"https:\/\/www.kreisfeuerwehrverband-vechta.de\/index.php?rest_route=\/wp\/v2\/types\/post"}],"author":[{"embeddable":true,"href":"https:\/\/www.kreisfeuerwehrverband-vechta.de\/index.php?rest_route=\/wp\/v2\/users\/1"}],"replies":[{"embeddable":true,"href":"https:\/\/www.kreisfeuerwehrverband-vechta.de\/index.php?rest_route=%2Fwp%2Fv2%2Fcomments&post=5938"}],"version-history":[{"count":0,"href":"https:\/\/www.kreisfeuerwehrverband-vechta.de\/index.php?rest_route=\/wp\/v2\/posts\/5938\/revisions"}],"wp:attachment":[{"href":"https:\/\/www.kreisfeuerwehrverband-vechta.de\/index.php?rest_route=%2Fwp%2Fv2%2Fmedia&parent=5938"}],"wp:term":[{"taxonomy":"category","embeddable":true,"href":"https:\/\/www.kreisfeuerwehrverband-vechta.de\/index.php?rest_route=%2Fwp%2Fv2%2Fcategories&post=5938"},{"taxonomy":"post_tag","embeddable":true,"href":"https:\/\/www.kreisfeuerwehrverband-vechta.de\/index.php?rest_route=%2Fwp%2Fv2%2Ftags&post=5938"}],"curies":[{"name":"wp","href":"https:\/\/api.w.org\/{rel}","templated":true}]}}