{"id":5285,"date":"2017-06-20T20:15:39","date_gmt":"2017-06-20T18:15:39","guid":{"rendered":"http:\/\/www.kreisfeuerwehrverband-vechta.de\/?p=5285"},"modified":"2017-08-19T20:18:16","modified_gmt":"2017-08-19T18:18:16","slug":"20-06-2017-2-zug-kfb-uebte-auf-dem-gelaende-der-firma-schulz-systemtechnik-in-visbek","status":"publish","type":"post","link":"https:\/\/www.kreisfeuerwehrverband-vechta.de\/?p=5285","title":{"rendered":"20.06.2017 2. Zug KFB \u00fcbte auf dem Gel\u00e4nde der Firma Schulz-Systemtechnik in Visbek"},"content":{"rendered":"<p><span style=\"font-size: 14pt;\"><strong>2. Zug KFB \u00fcbte auf dem Gel\u00e4nde der Firma Schulz-Systemtechnik<\/strong><\/span><\/p>\n<p><span style=\"font-size: 14pt;\"><strong>Visbek (Landkreis Vechta)<\/strong><\/span> Bei Verladearbeiten auf dem Au\u00dfengel\u00e4nde der Fa. Schulz-Systemtechnik war ein Container von einem Stapler gerutscht und hatte dabei eine Person in einem zuf\u00e4llig vorbei fahrenden PKW eingeklemmt.<br \/>\n Die Aufgabe f\u00fcr den TH-Zug war es nun, die eingeklemmt Person mit einer sog. Crash-Rettung aus dem PKW zu befreien. Hier wurde die Vorgehensweise bei einer Crash-Rettung n\u00e4her erkl\u00e4rt und erl\u00e4utert. Da bei diesem Unfall nicht ausgeschlossen werden konnte, dass eine weitere Person unter dem Container eingeklemmt worden war, musste dieser mit hydraulischer Hilfe angehoben werden, um nach dieser Person zu suchen.<br \/>\n Ebenfalls bei Verladearbeiten im Bereich der Lagerung von Batterien und K\u00e4ltemitteln kam es zu einer Verpuffung. Bei diesem Ereignis wurden in der Halle mehrere Personen vermisst. Der Angriffstrupp hatte nun die Aufgabe, die vermissten Personen zu finden, die Gaszufuhr abzustellen und das Lagergut: Batterien und K\u00e4ltemittel zu bergen.<\/p>\n<p>Text und Bilder: R. Ahlers KPW<\/p>\n<p><!-- default-view.php -->\n<div\n\tclass=\"ngg-galleryoverview default-view\n\t ngg-ajax-pagination-none\t\"\n\tid=\"ngg-gallery-066944362f56bd8d866c510bf9215965-1\"\n\tdata-gallery-id=\"94\">\n\n\t\t<!-- Thumbnails -->\n\t\t\t\t<div id=\"ngg-image-0\" class=\"ngg-gallery-thumbnail-box\n\t\t\t\t\t\t\t\t\t\t\t\"\n\t\t\t>\n\t\t\t\t\t\t<div class=\"ngg-gallery-thumbnail\">\n\t\t\t<a href=\"https:\/\/www.kreisfeuerwehrverband-vechta.de\/wp_KFV_2016\/wp-content\/gallery\/2-zug-kfb-uebung_2017\/2.Zug-KFB-%C3%9Cbung_2017005.jpg\"\n\t\t\t\ttitle=\"\"\n\t\t\t\tdata-src=\"https:\/\/www.kreisfeuerwehrverband-vechta.de\/wp_KFV_2016\/wp-content\/gallery\/2-zug-kfb-uebung_2017\/2.Zug-KFB-%C3%9Cbung_2017005.jpg\"\n\t\t\t\tdata-thumbnail=\"https:\/\/www.kreisfeuerwehrverband-vechta.de\/wp_KFV_2016\/wp-content\/gallery\/2-zug-kfb-uebung_2017\/thumbs\/thumbs_2.Zug-KFB-%C3%9Cbung_2017005.jpg\"\n\t\t\t\tdata-image-id=\"1510\"\n\t\t\t\tdata-title=\"2.Zug-KFB-\u00dcbung_2017005\"\n\t\t\t\tdata-description=\"\"\n\t\t\t\tdata-image-slug=\"2-zug-kfb-%c3%bcbung_2017005-1\"\n\t\t\t\t\t\t\t\t\t\t\t\t\t\t\t\t\t\t\t\tclass=\"ngg-fancybox\" rel=\"066944362f56bd8d866c510bf9215965\">\n\t\t\t\t\t\t\t\t<img\n\t\t\t\t\ttitle=\"2.Zug-KFB-\u00dcbung_2017005\"\n\t\t\t\t\talt=\"2.Zug-KFB-\u00dcbung_2017005\"\n\t\t\t\t\tsrc=\"https:\/\/www.kreisfeuerwehrverband-vechta.de\/wp_KFV_2016\/wp-content\/gallery\/2-zug-kfb-uebung_2017\/thumbs\/thumbs_2.Zug-KFB-%C3%9Cbung_2017005.jpg\"\n\t\t\t\t\twidth=\"240\"\n\t\t\t\t\theight=\"160\"\n\t\t\t\t\tstyle=\"max-width:100%;\"\n\t\t\t\t\/>\n\t\t\t<\/a>\n\t\t<\/div>\n\t\t\t\t\t\t\t<\/div>\n\t\t\t\n\t\t\t\t<div id=\"ngg-image-1\" class=\"ngg-gallery-thumbnail-box\n\t\t\t\t\t\t\t\t\t\t\t\"\n\t\t\t>\n\t\t\t\t\t\t<div class=\"ngg-gallery-thumbnail\">\n\t\t\t<a href=\"https:\/\/www.kreisfeuerwehrverband-vechta.de\/wp_KFV_2016\/wp-content\/gallery\/2-zug-kfb-uebung_2017\/2.Zug-KFB-%C3%9Cbung_2017006.jpg\"\n\t\t\t\ttitle=\"\"\n\t\t\t\tdata-src=\"https:\/\/www.kreisfeuerwehrverband-vechta.de\/wp_KFV_2016\/wp-content\/gallery\/2-zug-kfb-uebung_2017\/2.Zug-KFB-%C3%9Cbung_2017006.jpg\"\n\t\t\t\tdata-thumbnail=\"https:\/\/www.kreisfeuerwehrverband-vechta.de\/wp_KFV_2016\/wp-content\/gallery\/2-zug-kfb-uebung_2017\/thumbs\/thumbs_2.Zug-KFB-%C3%9Cbung_2017006.jpg\"\n\t\t\t\tdata-image-id=\"1511\"\n\t\t\t\tdata-title=\"2.Zug-KFB-\u00dcbung_2017006\"\n\t\t\t\tdata-description=\"\"\n\t\t\t\tdata-image-slug=\"2-zug-kfb-%c3%bcbung_2017006-1\"\n\t\t\t\t\t\t\t\t\t\t\t\t\t\t\t\t\t\t\t\tclass=\"ngg-fancybox\" rel=\"066944362f56bd8d866c510bf9215965\">\n\t\t\t\t\t\t\t\t<img\n\t\t\t\t\ttitle=\"2.Zug-KFB-\u00dcbung_2017006\"\n\t\t\t\t\talt=\"2.Zug-KFB-\u00dcbung_2017006\"\n\t\t\t\t\tsrc=\"https:\/\/www.kreisfeuerwehrverband-vechta.de\/wp_KFV_2016\/wp-content\/gallery\/2-zug-kfb-uebung_2017\/thumbs\/thumbs_2.Zug-KFB-%C3%9Cbung_2017006.jpg\"\n\t\t\t\t\twidth=\"240\"\n\t\t\t\t\theight=\"160\"\n\t\t\t\t\tstyle=\"max-width:100%;\"\n\t\t\t\t\/>\n\t\t\t<\/a>\n\t\t<\/div>\n\t\t\t\t\t\t\t<\/div>\n\t\t\t\n\t\t\t\t<div id=\"ngg-image-2\" class=\"ngg-gallery-thumbnail-box\n\t\t\t\t\t\t\t\t\t\t\t\"\n\t\t\t>\n\t\t\t\t\t\t<div class=\"ngg-gallery-thumbnail\">\n\t\t\t<a href=\"https:\/\/www.kreisfeuerwehrverband-vechta.de\/wp_KFV_2016\/wp-content\/gallery\/2-zug-kfb-uebung_2017\/2.Zug-KFB-%C3%9Cbung_2017007.jpg\"\n\t\t\t\ttitle=\"\"\n\t\t\t\tdata-src=\"https:\/\/www.kreisfeuerwehrverband-vechta.de\/wp_KFV_2016\/wp-content\/gallery\/2-zug-kfb-uebung_2017\/2.Zug-KFB-%C3%9Cbung_2017007.jpg\"\n\t\t\t\tdata-thumbnail=\"https:\/\/www.kreisfeuerwehrverband-vechta.de\/wp_KFV_2016\/wp-content\/gallery\/2-zug-kfb-uebung_2017\/thumbs\/thumbs_2.Zug-KFB-%C3%9Cbung_2017007.jpg\"\n\t\t\t\tdata-image-id=\"1512\"\n\t\t\t\tdata-title=\"2.Zug-KFB-\u00dcbung_2017007\"\n\t\t\t\tdata-description=\"\"\n\t\t\t\tdata-image-slug=\"2-zug-kfb-%c3%bcbung_2017007-1\"\n\t\t\t\t\t\t\t\t\t\t\t\t\t\t\t\t\t\t\t\tclass=\"ngg-fancybox\" rel=\"066944362f56bd8d866c510bf9215965\">\n\t\t\t\t\t\t\t\t<img\n\t\t\t\t\ttitle=\"2.Zug-KFB-\u00dcbung_2017007\"\n\t\t\t\t\talt=\"2.Zug-KFB-\u00dcbung_2017007\"\n\t\t\t\t\tsrc=\"https:\/\/www.kreisfeuerwehrverband-vechta.de\/wp_KFV_2016\/wp-content\/gallery\/2-zug-kfb-uebung_2017\/thumbs\/thumbs_2.Zug-KFB-%C3%9Cbung_2017007.jpg\"\n\t\t\t\t\twidth=\"240\"\n\t\t\t\t\theight=\"160\"\n\t\t\t\t\tstyle=\"max-width:100%;\"\n\t\t\t\t\/>\n\t\t\t<\/a>\n\t\t<\/div>\n\t\t\t\t\t\t\t<\/div>\n\t\t\t\n\t\t\t\t<div id=\"ngg-image-3\" class=\"ngg-gallery-thumbnail-box\n\t\t\t\t\t\t\t\t\t\t\t\"\n\t\t\t>\n\t\t\t\t\t\t<div class=\"ngg-gallery-thumbnail\">\n\t\t\t<a href=\"https:\/\/www.kreisfeuerwehrverband-vechta.de\/wp_KFV_2016\/wp-content\/gallery\/2-zug-kfb-uebung_2017\/2.Zug-KFB-%C3%9Cbung_2017008.jpg\"\n\t\t\t\ttitle=\"\"\n\t\t\t\tdata-src=\"https:\/\/www.kreisfeuerwehrverband-vechta.de\/wp_KFV_2016\/wp-content\/gallery\/2-zug-kfb-uebung_2017\/2.Zug-KFB-%C3%9Cbung_2017008.jpg\"\n\t\t\t\tdata-thumbnail=\"https:\/\/www.kreisfeuerwehrverband-vechta.de\/wp_KFV_2016\/wp-content\/gallery\/2-zug-kfb-uebung_2017\/thumbs\/thumbs_2.Zug-KFB-%C3%9Cbung_2017008.jpg\"\n\t\t\t\tdata-image-id=\"1513\"\n\t\t\t\tdata-title=\"2.Zug-KFB-\u00dcbung_2017008\"\n\t\t\t\tdata-description=\"\"\n\t\t\t\tdata-image-slug=\"2-zug-kfb-%c3%bcbung_2017008-1\"\n\t\t\t\t\t\t\t\t\t\t\t\t\t\t\t\t\t\t\t\tclass=\"ngg-fancybox\" rel=\"066944362f56bd8d866c510bf9215965\">\n\t\t\t\t\t\t\t\t<img\n\t\t\t\t\ttitle=\"2.Zug-KFB-\u00dcbung_2017008\"\n\t\t\t\t\talt=\"2.Zug-KFB-\u00dcbung_2017008\"\n\t\t\t\t\tsrc=\"https:\/\/www.kreisfeuerwehrverband-vechta.de\/wp_KFV_2016\/wp-content\/gallery\/2-zug-kfb-uebung_2017\/thumbs\/thumbs_2.Zug-KFB-%C3%9Cbung_2017008.jpg\"\n\t\t\t\t\twidth=\"240\"\n\t\t\t\t\theight=\"160\"\n\t\t\t\t\tstyle=\"max-width:100%;\"\n\t\t\t\t\/>\n\t\t\t<\/a>\n\t\t<\/div>\n\t\t\t\t\t\t\t<\/div>\n\t\t\t\n\t\t\t\t<div id=\"ngg-image-4\" class=\"ngg-gallery-thumbnail-box\n\t\t\t\t\t\t\t\t\t\t\t\"\n\t\t\t>\n\t\t\t\t\t\t<div class=\"ngg-gallery-thumbnail\">\n\t\t\t<a href=\"https:\/\/www.kreisfeuerwehrverband-vechta.de\/wp_KFV_2016\/wp-content\/gallery\/2-zug-kfb-uebung_2017\/2.Zug-KFB-%C3%9Cbung_2017009.jpg\"\n\t\t\t\ttitle=\"\"\n\t\t\t\tdata-src=\"https:\/\/www.kreisfeuerwehrverband-vechta.de\/wp_KFV_2016\/wp-content\/gallery\/2-zug-kfb-uebung_2017\/2.Zug-KFB-%C3%9Cbung_2017009.jpg\"\n\t\t\t\tdata-thumbnail=\"https:\/\/www.kreisfeuerwehrverband-vechta.de\/wp_KFV_2016\/wp-content\/gallery\/2-zug-kfb-uebung_2017\/thumbs\/thumbs_2.Zug-KFB-%C3%9Cbung_2017009.jpg\"\n\t\t\t\tdata-image-id=\"1514\"\n\t\t\t\tdata-title=\"2.Zug-KFB-\u00dcbung_2017009\"\n\t\t\t\tdata-description=\"\"\n\t\t\t\tdata-image-slug=\"2-zug-kfb-%c3%bcbung_2017009-1\"\n\t\t\t\t\t\t\t\t\t\t\t\t\t\t\t\t\t\t\t\tclass=\"ngg-fancybox\" rel=\"066944362f56bd8d866c510bf9215965\">\n\t\t\t\t\t\t\t\t<img\n\t\t\t\t\ttitle=\"2.Zug-KFB-\u00dcbung_2017009\"\n\t\t\t\t\talt=\"2.Zug-KFB-\u00dcbung_2017009\"\n\t\t\t\t\tsrc=\"https:\/\/www.kreisfeuerwehrverband-vechta.de\/wp_KFV_2016\/wp-content\/gallery\/2-zug-kfb-uebung_2017\/thumbs\/thumbs_2.Zug-KFB-%C3%9Cbung_2017009.jpg\"\n\t\t\t\t\twidth=\"240\"\n\t\t\t\t\theight=\"160\"\n\t\t\t\t\tstyle=\"max-width:100%;\"\n\t\t\t\t\/>\n\t\t\t<\/a>\n\t\t<\/div>\n\t\t\t\t\t\t\t<\/div>\n\t\t\t\n\t\t\t\t<div id=\"ngg-image-5\" class=\"ngg-gallery-thumbnail-box\n\t\t\t\t\t\t\t\t\t\t\t\"\n\t\t\t>\n\t\t\t\t\t\t<div class=\"ngg-gallery-thumbnail\">\n\t\t\t<a href=\"https:\/\/www.kreisfeuerwehrverband-vechta.de\/wp_KFV_2016\/wp-content\/gallery\/2-zug-kfb-uebung_2017\/2.Zug-KFB-%C3%9Cbung_2017010.jpg\"\n\t\t\t\ttitle=\"\"\n\t\t\t\tdata-src=\"https:\/\/www.kreisfeuerwehrverband-vechta.de\/wp_KFV_2016\/wp-content\/gallery\/2-zug-kfb-uebung_2017\/2.Zug-KFB-%C3%9Cbung_2017010.jpg\"\n\t\t\t\tdata-thumbnail=\"https:\/\/www.kreisfeuerwehrverband-vechta.de\/wp_KFV_2016\/wp-content\/gallery\/2-zug-kfb-uebung_2017\/thumbs\/thumbs_2.Zug-KFB-%C3%9Cbung_2017010.jpg\"\n\t\t\t\tdata-image-id=\"1515\"\n\t\t\t\tdata-title=\"2.Zug-KFB-\u00dcbung_2017010\"\n\t\t\t\tdata-description=\"\"\n\t\t\t\tdata-image-slug=\"2-zug-kfb-%c3%bcbung_2017010-1\"\n\t\t\t\t\t\t\t\t\t\t\t\t\t\t\t\t\t\t\t\tclass=\"ngg-fancybox\" rel=\"066944362f56bd8d866c510bf9215965\">\n\t\t\t\t\t\t\t\t<img\n\t\t\t\t\ttitle=\"2.Zug-KFB-\u00dcbung_2017010\"\n\t\t\t\t\talt=\"2.Zug-KFB-\u00dcbung_2017010\"\n\t\t\t\t\tsrc=\"https:\/\/www.kreisfeuerwehrverband-vechta.de\/wp_KFV_2016\/wp-content\/gallery\/2-zug-kfb-uebung_2017\/thumbs\/thumbs_2.Zug-KFB-%C3%9Cbung_2017010.jpg\"\n\t\t\t\t\twidth=\"240\"\n\t\t\t\t\theight=\"160\"\n\t\t\t\t\tstyle=\"max-width:100%;\"\n\t\t\t\t\/>\n\t\t\t<\/a>\n\t\t<\/div>\n\t\t\t\t\t\t\t<\/div>\n\t\t\t\n\t\t\t\t<div id=\"ngg-image-6\" class=\"ngg-gallery-thumbnail-box\n\t\t\t\t\t\t\t\t\t\t\t\"\n\t\t\t>\n\t\t\t\t\t\t<div class=\"ngg-gallery-thumbnail\">\n\t\t\t<a href=\"https:\/\/www.kreisfeuerwehrverband-vechta.de\/wp_KFV_2016\/wp-content\/gallery\/2-zug-kfb-uebung_2017\/2.Zug-KFB-%C3%9Cbung_2017011.jpg\"\n\t\t\t\ttitle=\"\"\n\t\t\t\tdata-src=\"https:\/\/www.kreisfeuerwehrverband-vechta.de\/wp_KFV_2016\/wp-content\/gallery\/2-zug-kfb-uebung_2017\/2.Zug-KFB-%C3%9Cbung_2017011.jpg\"\n\t\t\t\tdata-thumbnail=\"https:\/\/www.kreisfeuerwehrverband-vechta.de\/wp_KFV_2016\/wp-content\/gallery\/2-zug-kfb-uebung_2017\/thumbs\/thumbs_2.Zug-KFB-%C3%9Cbung_2017011.jpg\"\n\t\t\t\tdata-image-id=\"1516\"\n\t\t\t\tdata-title=\"2.Zug-KFB-\u00dcbung_2017011\"\n\t\t\t\tdata-description=\"\"\n\t\t\t\tdata-image-slug=\"2-zug-kfb-%c3%bcbung_2017011-1\"\n\t\t\t\t\t\t\t\t\t\t\t\t\t\t\t\t\t\t\t\tclass=\"ngg-fancybox\" rel=\"066944362f56bd8d866c510bf9215965\">\n\t\t\t\t\t\t\t\t<img\n\t\t\t\t\ttitle=\"2.Zug-KFB-\u00dcbung_2017011\"\n\t\t\t\t\talt=\"2.Zug-KFB-\u00dcbung_2017011\"\n\t\t\t\t\tsrc=\"https:\/\/www.kreisfeuerwehrverband-vechta.de\/wp_KFV_2016\/wp-content\/gallery\/2-zug-kfb-uebung_2017\/thumbs\/thumbs_2.Zug-KFB-%C3%9Cbung_2017011.jpg\"\n\t\t\t\t\twidth=\"240\"\n\t\t\t\t\theight=\"160\"\n\t\t\t\t\tstyle=\"max-width:100%;\"\n\t\t\t\t\/>\n\t\t\t<\/a>\n\t\t<\/div>\n\t\t\t\t\t\t\t<\/div>\n\t\t\t\n\t\t\t\t<div id=\"ngg-image-7\" class=\"ngg-gallery-thumbnail-box\n\t\t\t\t\t\t\t\t\t\t\t\"\n\t\t\t>\n\t\t\t\t\t\t<div class=\"ngg-gallery-thumbnail\">\n\t\t\t<a href=\"https:\/\/www.kreisfeuerwehrverband-vechta.de\/wp_KFV_2016\/wp-content\/gallery\/2-zug-kfb-uebung_2017\/2.Zug-KFB-%C3%9Cbung_2017012.jpg\"\n\t\t\t\ttitle=\"\"\n\t\t\t\tdata-src=\"https:\/\/www.kreisfeuerwehrverband-vechta.de\/wp_KFV_2016\/wp-content\/gallery\/2-zug-kfb-uebung_2017\/2.Zug-KFB-%C3%9Cbung_2017012.jpg\"\n\t\t\t\tdata-thumbnail=\"https:\/\/www.kreisfeuerwehrverband-vechta.de\/wp_KFV_2016\/wp-content\/gallery\/2-zug-kfb-uebung_2017\/thumbs\/thumbs_2.Zug-KFB-%C3%9Cbung_2017012.jpg\"\n\t\t\t\tdata-image-id=\"1517\"\n\t\t\t\tdata-title=\"2.Zug-KFB-\u00dcbung_2017012\"\n\t\t\t\tdata-description=\"\"\n\t\t\t\tdata-image-slug=\"2-zug-kfb-%c3%bcbung_2017012-1\"\n\t\t\t\t\t\t\t\t\t\t\t\t\t\t\t\t\t\t\t\tclass=\"ngg-fancybox\" rel=\"066944362f56bd8d866c510bf9215965\">\n\t\t\t\t\t\t\t\t<img\n\t\t\t\t\ttitle=\"2.Zug-KFB-\u00dcbung_2017012\"\n\t\t\t\t\talt=\"2.Zug-KFB-\u00dcbung_2017012\"\n\t\t\t\t\tsrc=\"https:\/\/www.kreisfeuerwehrverband-vechta.de\/wp_KFV_2016\/wp-content\/gallery\/2-zug-kfb-uebung_2017\/thumbs\/thumbs_2.Zug-KFB-%C3%9Cbung_2017012.jpg\"\n\t\t\t\t\twidth=\"240\"\n\t\t\t\t\theight=\"160\"\n\t\t\t\t\tstyle=\"max-width:100%;\"\n\t\t\t\t\/>\n\t\t\t<\/a>\n\t\t<\/div>\n\t\t\t\t\t\t\t<\/div>\n\t\t\t\n\t\t\t\t<div id=\"ngg-image-8\" class=\"ngg-gallery-thumbnail-box\n\t\t\t\t\t\t\t\t\t\t\t\"\n\t\t\t>\n\t\t\t\t\t\t<div class=\"ngg-gallery-thumbnail\">\n\t\t\t<a href=\"https:\/\/www.kreisfeuerwehrverband-vechta.de\/wp_KFV_2016\/wp-content\/gallery\/2-zug-kfb-uebung_2017\/2.Zug-KFB-%C3%9Cbung_2017013.jpg\"\n\t\t\t\ttitle=\"\"\n\t\t\t\tdata-src=\"https:\/\/www.kreisfeuerwehrverband-vechta.de\/wp_KFV_2016\/wp-content\/gallery\/2-zug-kfb-uebung_2017\/2.Zug-KFB-%C3%9Cbung_2017013.jpg\"\n\t\t\t\tdata-thumbnail=\"https:\/\/www.kreisfeuerwehrverband-vechta.de\/wp_KFV_2016\/wp-content\/gallery\/2-zug-kfb-uebung_2017\/thumbs\/thumbs_2.Zug-KFB-%C3%9Cbung_2017013.jpg\"\n\t\t\t\tdata-image-id=\"1518\"\n\t\t\t\tdata-title=\"2.Zug-KFB-\u00dcbung_2017013\"\n\t\t\t\tdata-description=\"\"\n\t\t\t\tdata-image-slug=\"2-zug-kfb-%c3%bcbung_2017013-1\"\n\t\t\t\t\t\t\t\t\t\t\t\t\t\t\t\t\t\t\t\tclass=\"ngg-fancybox\" rel=\"066944362f56bd8d866c510bf9215965\">\n\t\t\t\t\t\t\t\t<img\n\t\t\t\t\ttitle=\"2.Zug-KFB-\u00dcbung_2017013\"\n\t\t\t\t\talt=\"2.Zug-KFB-\u00dcbung_2017013\"\n\t\t\t\t\tsrc=\"https:\/\/www.kreisfeuerwehrverband-vechta.de\/wp_KFV_2016\/wp-content\/gallery\/2-zug-kfb-uebung_2017\/thumbs\/thumbs_2.Zug-KFB-%C3%9Cbung_2017013.jpg\"\n\t\t\t\t\twidth=\"240\"\n\t\t\t\t\theight=\"160\"\n\t\t\t\t\tstyle=\"max-width:100%;\"\n\t\t\t\t\/>\n\t\t\t<\/a>\n\t\t<\/div>\n\t\t\t\t\t\t\t<\/div>\n\t\t\t\n\t\t\t\t<div id=\"ngg-image-9\" class=\"ngg-gallery-thumbnail-box\n\t\t\t\t\t\t\t\t\t\t\t\"\n\t\t\t>\n\t\t\t\t\t\t<div class=\"ngg-gallery-thumbnail\">\n\t\t\t<a href=\"https:\/\/www.kreisfeuerwehrverband-vechta.de\/wp_KFV_2016\/wp-content\/gallery\/2-zug-kfb-uebung_2017\/2.Zug-KFB-%C3%9Cbung_2017014.jpg\"\n\t\t\t\ttitle=\"\"\n\t\t\t\tdata-src=\"https:\/\/www.kreisfeuerwehrverband-vechta.de\/wp_KFV_2016\/wp-content\/gallery\/2-zug-kfb-uebung_2017\/2.Zug-KFB-%C3%9Cbung_2017014.jpg\"\n\t\t\t\tdata-thumbnail=\"https:\/\/www.kreisfeuerwehrverband-vechta.de\/wp_KFV_2016\/wp-content\/gallery\/2-zug-kfb-uebung_2017\/thumbs\/thumbs_2.Zug-KFB-%C3%9Cbung_2017014.jpg\"\n\t\t\t\tdata-image-id=\"1519\"\n\t\t\t\tdata-title=\"2.Zug-KFB-\u00dcbung_2017014\"\n\t\t\t\tdata-description=\"\"\n\t\t\t\tdata-image-slug=\"2-zug-kfb-%c3%bcbung_2017014-1\"\n\t\t\t\t\t\t\t\t\t\t\t\t\t\t\t\t\t\t\t\tclass=\"ngg-fancybox\" rel=\"066944362f56bd8d866c510bf9215965\">\n\t\t\t\t\t\t\t\t<img\n\t\t\t\t\ttitle=\"2.Zug-KFB-\u00dcbung_2017014\"\n\t\t\t\t\talt=\"2.Zug-KFB-\u00dcbung_2017014\"\n\t\t\t\t\tsrc=\"https:\/\/www.kreisfeuerwehrverband-vechta.de\/wp_KFV_2016\/wp-content\/gallery\/2-zug-kfb-uebung_2017\/thumbs\/thumbs_2.Zug-KFB-%C3%9Cbung_2017014.jpg\"\n\t\t\t\t\twidth=\"240\"\n\t\t\t\t\theight=\"160\"\n\t\t\t\t\tstyle=\"max-width:100%;\"\n\t\t\t\t\/>\n\t\t\t<\/a>\n\t\t<\/div>\n\t\t\t\t\t\t\t<\/div>\n\t\t\t\n\t\t\t\t<div id=\"ngg-image-10\" class=\"ngg-gallery-thumbnail-box\n\t\t\t\t\t\t\t\t\t\t\t\"\n\t\t\t>\n\t\t\t\t\t\t<div class=\"ngg-gallery-thumbnail\">\n\t\t\t<a href=\"https:\/\/www.kreisfeuerwehrverband-vechta.de\/wp_KFV_2016\/wp-content\/gallery\/2-zug-kfb-uebung_2017\/2.Zug-KFB-%C3%9Cbung_2017015.jpg\"\n\t\t\t\ttitle=\"\"\n\t\t\t\tdata-src=\"https:\/\/www.kreisfeuerwehrverband-vechta.de\/wp_KFV_2016\/wp-content\/gallery\/2-zug-kfb-uebung_2017\/2.Zug-KFB-%C3%9Cbung_2017015.jpg\"\n\t\t\t\tdata-thumbnail=\"https:\/\/www.kreisfeuerwehrverband-vechta.de\/wp_KFV_2016\/wp-content\/gallery\/2-zug-kfb-uebung_2017\/thumbs\/thumbs_2.Zug-KFB-%C3%9Cbung_2017015.jpg\"\n\t\t\t\tdata-image-id=\"1520\"\n\t\t\t\tdata-title=\"2.Zug-KFB-\u00dcbung_2017015\"\n\t\t\t\tdata-description=\"\"\n\t\t\t\tdata-image-slug=\"2-zug-kfb-%c3%bcbung_2017015-1\"\n\t\t\t\t\t\t\t\t\t\t\t\t\t\t\t\t\t\t\t\tclass=\"ngg-fancybox\" rel=\"066944362f56bd8d866c510bf9215965\">\n\t\t\t\t\t\t\t\t<img\n\t\t\t\t\ttitle=\"2.Zug-KFB-\u00dcbung_2017015\"\n\t\t\t\t\talt=\"2.Zug-KFB-\u00dcbung_2017015\"\n\t\t\t\t\tsrc=\"https:\/\/www.kreisfeuerwehrverband-vechta.de\/wp_KFV_2016\/wp-content\/gallery\/2-zug-kfb-uebung_2017\/thumbs\/thumbs_2.Zug-KFB-%C3%9Cbung_2017015.jpg\"\n\t\t\t\t\twidth=\"240\"\n\t\t\t\t\theight=\"160\"\n\t\t\t\t\tstyle=\"max-width:100%;\"\n\t\t\t\t\/>\n\t\t\t<\/a>\n\t\t<\/div>\n\t\t\t\t\t\t\t<\/div>\n\t\t\t\n\t\t\t\t<div id=\"ngg-image-11\" class=\"ngg-gallery-thumbnail-box\n\t\t\t\t\t\t\t\t\t\t\t\"\n\t\t\t>\n\t\t\t\t\t\t<div class=\"ngg-gallery-thumbnail\">\n\t\t\t<a href=\"https:\/\/www.kreisfeuerwehrverband-vechta.de\/wp_KFV_2016\/wp-content\/gallery\/2-zug-kfb-uebung_2017\/2.Zug-KFB-%C3%9Cbung_2017001.jpg\"\n\t\t\t\ttitle=\"\"\n\t\t\t\tdata-src=\"https:\/\/www.kreisfeuerwehrverband-vechta.de\/wp_KFV_2016\/wp-content\/gallery\/2-zug-kfb-uebung_2017\/2.Zug-KFB-%C3%9Cbung_2017001.jpg\"\n\t\t\t\tdata-thumbnail=\"https:\/\/www.kreisfeuerwehrverband-vechta.de\/wp_KFV_2016\/wp-content\/gallery\/2-zug-kfb-uebung_2017\/thumbs\/thumbs_2.Zug-KFB-%C3%9Cbung_2017001.jpg\"\n\t\t\t\tdata-image-id=\"1506\"\n\t\t\t\tdata-title=\"2.Zug-KFB-\u00dcbung_2017001\"\n\t\t\t\tdata-description=\"\"\n\t\t\t\tdata-image-slug=\"2-zug-kfb-%c3%bcbung_2017001\"\n\t\t\t\t\t\t\t\t\t\t\t\t\t\t\t\t\t\t\t\tclass=\"ngg-fancybox\" rel=\"066944362f56bd8d866c510bf9215965\">\n\t\t\t\t\t\t\t\t<img\n\t\t\t\t\ttitle=\"2.Zug-KFB-\u00dcbung_2017001\"\n\t\t\t\t\talt=\"2.Zug-KFB-\u00dcbung_2017001\"\n\t\t\t\t\tsrc=\"https:\/\/www.kreisfeuerwehrverband-vechta.de\/wp_KFV_2016\/wp-content\/gallery\/2-zug-kfb-uebung_2017\/thumbs\/thumbs_2.Zug-KFB-%C3%9Cbung_2017001.jpg\"\n\t\t\t\t\twidth=\"240\"\n\t\t\t\t\theight=\"160\"\n\t\t\t\t\tstyle=\"max-width:100%;\"\n\t\t\t\t\/>\n\t\t\t<\/a>\n\t\t<\/div>\n\t\t\t\t\t\t\t<\/div>\n\t\t\t\n\t\t\t\t<div id=\"ngg-image-12\" class=\"ngg-gallery-thumbnail-box\n\t\t\t\t\t\t\t\t\t\t\t\"\n\t\t\t>\n\t\t\t\t\t\t<div class=\"ngg-gallery-thumbnail\">\n\t\t\t<a href=\"https:\/\/www.kreisfeuerwehrverband-vechta.de\/wp_KFV_2016\/wp-content\/gallery\/2-zug-kfb-uebung_2017\/2.Zug-KFB-%C3%9Cbung_2017016.jpg\"\n\t\t\t\ttitle=\"\"\n\t\t\t\tdata-src=\"https:\/\/www.kreisfeuerwehrverband-vechta.de\/wp_KFV_2016\/wp-content\/gallery\/2-zug-kfb-uebung_2017\/2.Zug-KFB-%C3%9Cbung_2017016.jpg\"\n\t\t\t\tdata-thumbnail=\"https:\/\/www.kreisfeuerwehrverband-vechta.de\/wp_KFV_2016\/wp-content\/gallery\/2-zug-kfb-uebung_2017\/thumbs\/thumbs_2.Zug-KFB-%C3%9Cbung_2017016.jpg\"\n\t\t\t\tdata-image-id=\"1521\"\n\t\t\t\tdata-title=\"2.Zug-KFB-\u00dcbung_2017016\"\n\t\t\t\tdata-description=\"\"\n\t\t\t\tdata-image-slug=\"2-zug-kfb-%c3%bcbung_2017016-1\"\n\t\t\t\t\t\t\t\t\t\t\t\t\t\t\t\t\t\t\t\tclass=\"ngg-fancybox\" rel=\"066944362f56bd8d866c510bf9215965\">\n\t\t\t\t\t\t\t\t<img\n\t\t\t\t\ttitle=\"2.Zug-KFB-\u00dcbung_2017016\"\n\t\t\t\t\talt=\"2.Zug-KFB-\u00dcbung_2017016\"\n\t\t\t\t\tsrc=\"https:\/\/www.kreisfeuerwehrverband-vechta.de\/wp_KFV_2016\/wp-content\/gallery\/2-zug-kfb-uebung_2017\/thumbs\/thumbs_2.Zug-KFB-%C3%9Cbung_2017016.jpg\"\n\t\t\t\t\twidth=\"240\"\n\t\t\t\t\theight=\"160\"\n\t\t\t\t\tstyle=\"max-width:100%;\"\n\t\t\t\t\/>\n\t\t\t<\/a>\n\t\t<\/div>\n\t\t\t\t\t\t\t<\/div>\n\t\t\t\n\t\t\t\t<div id=\"ngg-image-13\" class=\"ngg-gallery-thumbnail-box\n\t\t\t\t\t\t\t\t\t\t\t\"\n\t\t\t>\n\t\t\t\t\t\t<div class=\"ngg-gallery-thumbnail\">\n\t\t\t<a href=\"https:\/\/www.kreisfeuerwehrverband-vechta.de\/wp_KFV_2016\/wp-content\/gallery\/2-zug-kfb-uebung_2017\/2.Zug-KFB-%C3%9Cbung_2017017.jpg\"\n\t\t\t\ttitle=\"\"\n\t\t\t\tdata-src=\"https:\/\/www.kreisfeuerwehrverband-vechta.de\/wp_KFV_2016\/wp-content\/gallery\/2-zug-kfb-uebung_2017\/2.Zug-KFB-%C3%9Cbung_2017017.jpg\"\n\t\t\t\tdata-thumbnail=\"https:\/\/www.kreisfeuerwehrverband-vechta.de\/wp_KFV_2016\/wp-content\/gallery\/2-zug-kfb-uebung_2017\/thumbs\/thumbs_2.Zug-KFB-%C3%9Cbung_2017017.jpg\"\n\t\t\t\tdata-image-id=\"1522\"\n\t\t\t\tdata-title=\"2.Zug-KFB-\u00dcbung_2017017\"\n\t\t\t\tdata-description=\"\"\n\t\t\t\tdata-image-slug=\"2-zug-kfb-%c3%bcbung_2017017-1\"\n\t\t\t\t\t\t\t\t\t\t\t\t\t\t\t\t\t\t\t\tclass=\"ngg-fancybox\" rel=\"066944362f56bd8d866c510bf9215965\">\n\t\t\t\t\t\t\t\t<img\n\t\t\t\t\ttitle=\"2.Zug-KFB-\u00dcbung_2017017\"\n\t\t\t\t\talt=\"2.Zug-KFB-\u00dcbung_2017017\"\n\t\t\t\t\tsrc=\"https:\/\/www.kreisfeuerwehrverband-vechta.de\/wp_KFV_2016\/wp-content\/gallery\/2-zug-kfb-uebung_2017\/thumbs\/thumbs_2.Zug-KFB-%C3%9Cbung_2017017.jpg\"\n\t\t\t\t\twidth=\"240\"\n\t\t\t\t\theight=\"160\"\n\t\t\t\t\tstyle=\"max-width:100%;\"\n\t\t\t\t\/>\n\t\t\t<\/a>\n\t\t<\/div>\n\t\t\t\t\t\t\t<\/div>\n\t\t\t\n\t\t\t\t<div id=\"ngg-image-14\" class=\"ngg-gallery-thumbnail-box\n\t\t\t\t\t\t\t\t\t\t\t\"\n\t\t\t>\n\t\t\t\t\t\t<div class=\"ngg-gallery-thumbnail\">\n\t\t\t<a href=\"https:\/\/www.kreisfeuerwehrverband-vechta.de\/wp_KFV_2016\/wp-content\/gallery\/2-zug-kfb-uebung_2017\/2.Zug-KFB-%C3%9Cbung_2017018.jpg\"\n\t\t\t\ttitle=\"\"\n\t\t\t\tdata-src=\"https:\/\/www.kreisfeuerwehrverband-vechta.de\/wp_KFV_2016\/wp-content\/gallery\/2-zug-kfb-uebung_2017\/2.Zug-KFB-%C3%9Cbung_2017018.jpg\"\n\t\t\t\tdata-thumbnail=\"https:\/\/www.kreisfeuerwehrverband-vechta.de\/wp_KFV_2016\/wp-content\/gallery\/2-zug-kfb-uebung_2017\/thumbs\/thumbs_2.Zug-KFB-%C3%9Cbung_2017018.jpg\"\n\t\t\t\tdata-image-id=\"1523\"\n\t\t\t\tdata-title=\"2.Zug-KFB-\u00dcbung_2017018\"\n\t\t\t\tdata-description=\"\"\n\t\t\t\tdata-image-slug=\"2-zug-kfb-%c3%bcbung_2017018-1\"\n\t\t\t\t\t\t\t\t\t\t\t\t\t\t\t\t\t\t\t\tclass=\"ngg-fancybox\" rel=\"066944362f56bd8d866c510bf9215965\">\n\t\t\t\t\t\t\t\t<img\n\t\t\t\t\ttitle=\"2.Zug-KFB-\u00dcbung_2017018\"\n\t\t\t\t\talt=\"2.Zug-KFB-\u00dcbung_2017018\"\n\t\t\t\t\tsrc=\"https:\/\/www.kreisfeuerwehrverband-vechta.de\/wp_KFV_2016\/wp-content\/gallery\/2-zug-kfb-uebung_2017\/thumbs\/thumbs_2.Zug-KFB-%C3%9Cbung_2017018.jpg\"\n\t\t\t\t\twidth=\"240\"\n\t\t\t\t\theight=\"160\"\n\t\t\t\t\tstyle=\"max-width:100%;\"\n\t\t\t\t\/>\n\t\t\t<\/a>\n\t\t<\/div>\n\t\t\t\t\t\t\t<\/div>\n\t\t\t\n\t\t\t\t<div id=\"ngg-image-15\" class=\"ngg-gallery-thumbnail-box\n\t\t\t\t\t\t\t\t\t\t\t\"\n\t\t\t>\n\t\t\t\t\t\t<div class=\"ngg-gallery-thumbnail\">\n\t\t\t<a href=\"https:\/\/www.kreisfeuerwehrverband-vechta.de\/wp_KFV_2016\/wp-content\/gallery\/2-zug-kfb-uebung_2017\/2.Zug-KFB-%C3%9Cbung_2017023.jpg\"\n\t\t\t\ttitle=\"\"\n\t\t\t\tdata-src=\"https:\/\/www.kreisfeuerwehrverband-vechta.de\/wp_KFV_2016\/wp-content\/gallery\/2-zug-kfb-uebung_2017\/2.Zug-KFB-%C3%9Cbung_2017023.jpg\"\n\t\t\t\tdata-thumbnail=\"https:\/\/www.kreisfeuerwehrverband-vechta.de\/wp_KFV_2016\/wp-content\/gallery\/2-zug-kfb-uebung_2017\/thumbs\/thumbs_2.Zug-KFB-%C3%9Cbung_2017023.jpg\"\n\t\t\t\tdata-image-id=\"1528\"\n\t\t\t\tdata-title=\"2.Zug-KFB-\u00dcbung_2017023\"\n\t\t\t\tdata-description=\"\"\n\t\t\t\tdata-image-slug=\"2-zug-kfb-%c3%bcbung_2017023-1\"\n\t\t\t\t\t\t\t\t\t\t\t\t\t\t\t\t\t\t\t\tclass=\"ngg-fancybox\" rel=\"066944362f56bd8d866c510bf9215965\">\n\t\t\t\t\t\t\t\t<img\n\t\t\t\t\ttitle=\"2.Zug-KFB-\u00dcbung_2017023\"\n\t\t\t\t\talt=\"2.Zug-KFB-\u00dcbung_2017023\"\n\t\t\t\t\tsrc=\"https:\/\/www.kreisfeuerwehrverband-vechta.de\/wp_KFV_2016\/wp-content\/gallery\/2-zug-kfb-uebung_2017\/thumbs\/thumbs_2.Zug-KFB-%C3%9Cbung_2017023.jpg\"\n\t\t\t\t\twidth=\"240\"\n\t\t\t\t\theight=\"160\"\n\t\t\t\t\tstyle=\"max-width:100%;\"\n\t\t\t\t\/>\n\t\t\t<\/a>\n\t\t<\/div>\n\t\t\t\t\t\t\t<\/div>\n\t\t\t\n\t\t\t\t<div id=\"ngg-image-16\" class=\"ngg-gallery-thumbnail-box\n\t\t\t\t\t\t\t\t\t\t\t\"\n\t\t\t>\n\t\t\t\t\t\t<div class=\"ngg-gallery-thumbnail\">\n\t\t\t<a href=\"https:\/\/www.kreisfeuerwehrverband-vechta.de\/wp_KFV_2016\/wp-content\/gallery\/2-zug-kfb-uebung_2017\/2.Zug-KFB-%C3%9Cbung_2017024.jpg\"\n\t\t\t\ttitle=\"\"\n\t\t\t\tdata-src=\"https:\/\/www.kreisfeuerwehrverband-vechta.de\/wp_KFV_2016\/wp-content\/gallery\/2-zug-kfb-uebung_2017\/2.Zug-KFB-%C3%9Cbung_2017024.jpg\"\n\t\t\t\tdata-thumbnail=\"https:\/\/www.kreisfeuerwehrverband-vechta.de\/wp_KFV_2016\/wp-content\/gallery\/2-zug-kfb-uebung_2017\/thumbs\/thumbs_2.Zug-KFB-%C3%9Cbung_2017024.jpg\"\n\t\t\t\tdata-image-id=\"1529\"\n\t\t\t\tdata-title=\"2.Zug-KFB-\u00dcbung_2017024\"\n\t\t\t\tdata-description=\"\"\n\t\t\t\tdata-image-slug=\"2-zug-kfb-%c3%bcbung_2017024-1\"\n\t\t\t\t\t\t\t\t\t\t\t\t\t\t\t\t\t\t\t\tclass=\"ngg-fancybox\" rel=\"066944362f56bd8d866c510bf9215965\">\n\t\t\t\t\t\t\t\t<img\n\t\t\t\t\ttitle=\"2.Zug-KFB-\u00dcbung_2017024\"\n\t\t\t\t\talt=\"2.Zug-KFB-\u00dcbung_2017024\"\n\t\t\t\t\tsrc=\"https:\/\/www.kreisfeuerwehrverband-vechta.de\/wp_KFV_2016\/wp-content\/gallery\/2-zug-kfb-uebung_2017\/thumbs\/thumbs_2.Zug-KFB-%C3%9Cbung_2017024.jpg\"\n\t\t\t\t\twidth=\"240\"\n\t\t\t\t\theight=\"160\"\n\t\t\t\t\tstyle=\"max-width:100%;\"\n\t\t\t\t\/>\n\t\t\t<\/a>\n\t\t<\/div>\n\t\t\t\t\t\t\t<\/div>\n\t\t\t\n\t\t\t\t<div id=\"ngg-image-17\" class=\"ngg-gallery-thumbnail-box\n\t\t\t\t\t\t\t\t\t\t\t\"\n\t\t\t>\n\t\t\t\t\t\t<div class=\"ngg-gallery-thumbnail\">\n\t\t\t<a href=\"https:\/\/www.kreisfeuerwehrverband-vechta.de\/wp_KFV_2016\/wp-content\/gallery\/2-zug-kfb-uebung_2017\/2.Zug-KFB-%C3%9Cbung_2017025.jpg\"\n\t\t\t\ttitle=\"\"\n\t\t\t\tdata-src=\"https:\/\/www.kreisfeuerwehrverband-vechta.de\/wp_KFV_2016\/wp-content\/gallery\/2-zug-kfb-uebung_2017\/2.Zug-KFB-%C3%9Cbung_2017025.jpg\"\n\t\t\t\tdata-thumbnail=\"https:\/\/www.kreisfeuerwehrverband-vechta.de\/wp_KFV_2016\/wp-content\/gallery\/2-zug-kfb-uebung_2017\/thumbs\/thumbs_2.Zug-KFB-%C3%9Cbung_2017025.jpg\"\n\t\t\t\tdata-image-id=\"1530\"\n\t\t\t\tdata-title=\"2.Zug-KFB-\u00dcbung_2017025\"\n\t\t\t\tdata-description=\"\"\n\t\t\t\tdata-image-slug=\"2-zug-kfb-%c3%bcbung_2017025-1\"\n\t\t\t\t\t\t\t\t\t\t\t\t\t\t\t\t\t\t\t\tclass=\"ngg-fancybox\" rel=\"066944362f56bd8d866c510bf9215965\">\n\t\t\t\t\t\t\t\t<img\n\t\t\t\t\ttitle=\"2.Zug-KFB-\u00dcbung_2017025\"\n\t\t\t\t\talt=\"2.Zug-KFB-\u00dcbung_2017025\"\n\t\t\t\t\tsrc=\"https:\/\/www.kreisfeuerwehrverband-vechta.de\/wp_KFV_2016\/wp-content\/gallery\/2-zug-kfb-uebung_2017\/thumbs\/thumbs_2.Zug-KFB-%C3%9Cbung_2017025.jpg\"\n\t\t\t\t\twidth=\"240\"\n\t\t\t\t\theight=\"160\"\n\t\t\t\t\tstyle=\"max-width:100%;\"\n\t\t\t\t\/>\n\t\t\t<\/a>\n\t\t<\/div>\n\t\t\t\t\t\t\t<\/div>\n\t\t\t\n\t\t\t\t<div id=\"ngg-image-18\" class=\"ngg-gallery-thumbnail-box\n\t\t\t\t\t\t\t\t\t\t\t\"\n\t\t\t>\n\t\t\t\t\t\t<div class=\"ngg-gallery-thumbnail\">\n\t\t\t<a href=\"https:\/\/www.kreisfeuerwehrverband-vechta.de\/wp_KFV_2016\/wp-content\/gallery\/2-zug-kfb-uebung_2017\/2.Zug-KFB-%C3%9Cbung_2017026.jpg\"\n\t\t\t\ttitle=\"\"\n\t\t\t\tdata-src=\"https:\/\/www.kreisfeuerwehrverband-vechta.de\/wp_KFV_2016\/wp-content\/gallery\/2-zug-kfb-uebung_2017\/2.Zug-KFB-%C3%9Cbung_2017026.jpg\"\n\t\t\t\tdata-thumbnail=\"https:\/\/www.kreisfeuerwehrverband-vechta.de\/wp_KFV_2016\/wp-content\/gallery\/2-zug-kfb-uebung_2017\/thumbs\/thumbs_2.Zug-KFB-%C3%9Cbung_2017026.jpg\"\n\t\t\t\tdata-image-id=\"1531\"\n\t\t\t\tdata-title=\"2.Zug-KFB-\u00dcbung_2017026\"\n\t\t\t\tdata-description=\"\"\n\t\t\t\tdata-image-slug=\"2-zug-kfb-%c3%bcbung_2017026-1\"\n\t\t\t\t\t\t\t\t\t\t\t\t\t\t\t\t\t\t\t\tclass=\"ngg-fancybox\" rel=\"066944362f56bd8d866c510bf9215965\">\n\t\t\t\t\t\t\t\t<img\n\t\t\t\t\ttitle=\"2.Zug-KFB-\u00dcbung_2017026\"\n\t\t\t\t\talt=\"2.Zug-KFB-\u00dcbung_2017026\"\n\t\t\t\t\tsrc=\"https:\/\/www.kreisfeuerwehrverband-vechta.de\/wp_KFV_2016\/wp-content\/gallery\/2-zug-kfb-uebung_2017\/thumbs\/thumbs_2.Zug-KFB-%C3%9Cbung_2017026.jpg\"\n\t\t\t\t\twidth=\"240\"\n\t\t\t\t\theight=\"160\"\n\t\t\t\t\tstyle=\"max-width:100%;\"\n\t\t\t\t\/>\n\t\t\t<\/a>\n\t\t<\/div>\n\t\t\t\t\t\t\t<\/div>\n\t\t\t\n\t\t\t\t<div id=\"ngg-image-19\" class=\"ngg-gallery-thumbnail-box\n\t\t\t\t\t\t\t\t\t\t\t\"\n\t\t\t>\n\t\t\t\t\t\t<div class=\"ngg-gallery-thumbnail\">\n\t\t\t<a href=\"https:\/\/www.kreisfeuerwehrverband-vechta.de\/wp_KFV_2016\/wp-content\/gallery\/2-zug-kfb-uebung_2017\/2.Zug-KFB-%C3%9Cbung_2017027.jpg\"\n\t\t\t\ttitle=\"\"\n\t\t\t\tdata-src=\"https:\/\/www.kreisfeuerwehrverband-vechta.de\/wp_KFV_2016\/wp-content\/gallery\/2-zug-kfb-uebung_2017\/2.Zug-KFB-%C3%9Cbung_2017027.jpg\"\n\t\t\t\tdata-thumbnail=\"https:\/\/www.kreisfeuerwehrverband-vechta.de\/wp_KFV_2016\/wp-content\/gallery\/2-zug-kfb-uebung_2017\/thumbs\/thumbs_2.Zug-KFB-%C3%9Cbung_2017027.jpg\"\n\t\t\t\tdata-image-id=\"1532\"\n\t\t\t\tdata-title=\"2.Zug-KFB-\u00dcbung_2017027\"\n\t\t\t\tdata-description=\"\"\n\t\t\t\tdata-image-slug=\"2-zug-kfb-%c3%bcbung_2017027-1\"\n\t\t\t\t\t\t\t\t\t\t\t\t\t\t\t\t\t\t\t\tclass=\"ngg-fancybox\" rel=\"066944362f56bd8d866c510bf9215965\">\n\t\t\t\t\t\t\t\t<img\n\t\t\t\t\ttitle=\"2.Zug-KFB-\u00dcbung_2017027\"\n\t\t\t\t\talt=\"2.Zug-KFB-\u00dcbung_2017027\"\n\t\t\t\t\tsrc=\"https:\/\/www.kreisfeuerwehrverband-vechta.de\/wp_KFV_2016\/wp-content\/gallery\/2-zug-kfb-uebung_2017\/thumbs\/thumbs_2.Zug-KFB-%C3%9Cbung_2017027.jpg\"\n\t\t\t\t\twidth=\"240\"\n\t\t\t\t\theight=\"160\"\n\t\t\t\t\tstyle=\"max-width:100%;\"\n\t\t\t\t\/>\n\t\t\t<\/a>\n\t\t<\/div>\n\t\t\t\t\t\t\t<\/div>\n\t\t\t\n\t\n\t<br style=\"clear: both\" \/>\n\n\t\n\t\t<!-- Pagination -->\n\t\t<div class='ngg-navigation'><span class='current'>1<\/span>\n<a class='page-numbers' data-pageid='2' href='https:\/\/www.kreisfeuerwehrverband-vechta.de\/index.php\/nggallery\/page\/2?p=5285'>2<\/a>\n<a class='prev' href='https:\/\/www.kreisfeuerwehrverband-vechta.de\/index.php\/nggallery\/page\/2?p=5285' data-pageid=\"2\">&#9658;<\/a><\/div>\t<\/div>\n<\/p>\n","protected":false},"excerpt":{"rendered":"<p>2. Zug KFB \u00fcbte auf dem Gel\u00e4nde der Firma Schulz-Systemtechnik Visbek (Landkreis Vechta) Bei Verladearbeiten auf dem Au\u00dfengel\u00e4nde der Fa. Schulz-Systemtechnik war ein Container von einem Stapler gerutscht und hatte dabei eine Person in einem zuf\u00e4llig vorbei fahrenden PKW eingeklemmt.<\/p>\n","protected":false},"author":1,"featured_media":5350,"comment_status":"closed","ping_status":"closed","sticky":false,"template":"","format":"standard","meta":{"ngg_post_thumbnail":0,"footnotes":""},"categories":[6],"tags":[],"class_list":["post-5285","post","type-post","status-publish","format-standard","has-post-thumbnail","hentry","category-kreisfeuerwehrbereitschaft"],"_links":{"self":[{"href":"https:\/\/www.kreisfeuerwehrverband-vechta.de\/index.php?rest_route=\/wp\/v2\/posts\/5285","targetHints":{"allow":["GET"]}}],"collection":[{"href":"https:\/\/www.kreisfeuerwehrverband-vechta.de\/index.php?rest_route=\/wp\/v2\/posts"}],"about":[{"href":"https:\/\/www.kreisfeuerwehrverband-vechta.de\/index.php?rest_route=\/wp\/v2\/types\/post"}],"author":[{"embeddable":true,"href":"https:\/\/www.kreisfeuerwehrverband-vechta.de\/index.php?rest_route=\/wp\/v2\/users\/1"}],"replies":[{"embeddable":true,"href":"https:\/\/www.kreisfeuerwehrverband-vechta.de\/index.php?rest_route=%2Fwp%2Fv2%2Fcomments&post=5285"}],"version-history":[{"count":0,"href":"https:\/\/www.kreisfeuerwehrverband-vechta.de\/index.php?rest_route=\/wp\/v2\/posts\/5285\/revisions"}],"wp:featuredmedia":[{"embeddable":true,"href":"https:\/\/www.kreisfeuerwehrverband-vechta.de\/index.php?rest_route=\/wp\/v2\/media\/5350"}],"wp:attachment":[{"href":"https:\/\/www.kreisfeuerwehrverband-vechta.de\/index.php?rest_route=%2Fwp%2Fv2%2Fmedia&parent=5285"}],"wp:term":[{"taxonomy":"category","embeddable":true,"href":"https:\/\/www.kreisfeuerwehrverband-vechta.de\/index.php?rest_route=%2Fwp%2Fv2%2Fcategories&post=5285"},{"taxonomy":"post_tag","embeddable":true,"href":"https:\/\/www.kreisfeuerwehrverband-vechta.de\/index.php?rest_route=%2Fwp%2Fv2%2Ftags&post=5285"}],"curies":[{"name":"wp","href":"https:\/\/api.w.org\/{rel}","templated":true}]}}