{"id":4764,"date":"2017-06-04T11:49:02","date_gmt":"2017-06-04T09:49:02","guid":{"rendered":"http:\/\/www.kreisfeuerwehrverband-vechta.de\/?p=4764"},"modified":"2017-06-07T12:32:10","modified_gmt":"2017-06-07T10:32:10","slug":"pfingstzeltlager-2017-in-luesche","status":"publish","type":"post","link":"https:\/\/www.kreisfeuerwehrverband-vechta.de\/?p=4764","title":{"rendered":"Pfingstzeltlager 2017 in L\u00fcsche"},"content":{"rendered":"<p>Bei strahlendem Sonnenschein reisten die 18 Jugendfeuerwehren des Landkreises Vechta am Freitag, den 02.06.2017 nach L\u00fcsche, um dort ihre Zelte zum allj\u00e4hrlichen Pfingstzeltlager aufzuschlagen.<\/p>\n<p>Um 18:30 Uhr fand die offizielle Er\u00f6ffnung statt. Der neue Kreisjugendfeuerwehrwart Markus Fiswick begr\u00fc\u00dfte dabei die angereisten Jugendfeuerwehren. Besonders begr\u00fc\u00dfte er den Regierungsbrandmeister Dieter Schnittjer, den Kreisbrandmeister Matthias Trumme, den Gemeindebrandmeister Ludger Schrand, den stv. B\u00fcrgermeister Franz H\u00f6lscher sowie den Ortsvorsteher Josef Gravenhorst.<\/p>\n<p>Franz H\u00f6lscher richtete die herzlichsten Gr\u00fc\u00dfen von Rat und Verwaltung aus. Er begr\u00fc\u00dfte alle Jugendfeuerwehren in der sch\u00f6nen Gemeinde Bakum.\u00a0 Sowohl H\u00f6lscher als auch Matthias Trumme w\u00fcnschten den Mitgliedern sowie den Betreuern eine unvergessliche und sch\u00f6ne Zeit im Zeltlager. Dieter Schnittjer hob nochmals hervor, dass die \u00fcber 400 Teilnehmer ein tolles Bild abgeben. &#8222;Kameradschaft und Teamgeist stehen in diesen Tagen im Vordergrund&#8220;, so Schnittjer. Er bedankte sich bei der Feuerwehr L\u00fcsche sowie dem Vorstand der Kreisjugendfeuerwehr f\u00fcr die hervorragende Vorbereitung. Mit Fackeln und einem symbolischen Spinnennetz, welches den Zusammenhalt zwischen den Jugendfeuerwehren zeigte, er\u00f6ffnete Kreisjugendsprecherin Annika Wilke das Pfingstzeltlager 2017.<\/p>\n<p>Am Abend startete dann der Orientierungsmarsch. Die Jugendfeuerwehren schlugen sich bei den Spielen sehr gut. Am Samstag folgten dann die Spiele ohne Grenzen. Am Vormittag war &#8222;Wasserbomben-Weitwurf&#8220; angesagt. Mittels einer Zwille musste man eine m\u00f6glichst gro\u00dfe Entfernung erzielen. Am Nachmittag standen ebenfalls die Wasserbomben im Mittelpunkt. Innerhalb von neun Minuten musste eine m\u00f6glichst gro\u00dfe Litermenge Wasser durch Wasserbomben transportiert werden. Dass dabei einige Kinder nass wurden, st\u00f6rte bei Temperaturen von 28 Grad niemanden.<\/p>\n<p>Um 17:00 Uhr stand dann ein \u00f6kumenischer Gottesdienst auf dem Programm. Bei herrlichstem Wetter f\u00fchrten die Geistlichen Heinrich Taphorn und Karsten Hilgen den Gottesdienst. Der L\u00fcscher Gemeinschaftschor unterst\u00fctze dabei hervorragend musikalisch. Die Landjugend Bakum hatte die Dekoration f\u00fcr den Gottesdienst aufgebaut. Daf\u00fcr dankten die Geistlichen recht herzlich.<\/p>\n<p>Nach dem Gottesdienst wurden noch einige Ehrungen ausgesprochen. Das Ehrenzeichen der Nieders\u00e4chsischen Jugendfeuerwehr erhielten Daniel Grave, Sven B\u00f6ckmann sowie Christian Freese. Die Florianmedaille erhielt Holger Engbarth. Alle Geehrten setzen sich seit vielen Jahren f\u00fcr die Belange der Jugendfeuerwehr ein. Unerm\u00fcdlich arbeiten sie f\u00fcr die Belange der Kinder. Somit fiel der Applaus logischerweise sehr lange aus. Alexandra Runnebohm wurde mit einem Pr\u00e4sentkorb geehrt. Der Sprecher der Jugendfeuerwehren im OFV Klaus Fischer sowie der stv. Bezirksjugendfeuerwehrwart Friedhelm Tannen bedauerten das Ausscheiden von Alexandra als Kreisjugendfeuerwehrwartin. Sie w\u00fcnschten zeitgleich ihrem Nachfolger Markus Fiswick viel Spa\u00df und ein gl\u00fcckliches H\u00e4ndchen im Amt.<\/p>\n<p>Am Sonntag startete man nach einer verregneten Nacht mit einem ausgiebigen Fr\u00fchst\u00fcck. Das hervorragende Essen sorgte daf\u00fcr, dass alle Kinder zur Dorfolympiade gest\u00e4rkt und fit waren. Bei den vielen diversen Spielen waren die Jugendfeuerwehren oft gleichauf, es war ein spannender Wettkampf. Das Wetter spielte wieder mit und so wurden auch am Nachmittag wieder die vielen Pools genutzt und diverse Wasserschlachten angezettelt.<\/p>\n<p>Am Abend wurde von der Jugendfeuerwehr L\u00fcsche ein Tanzwettbewerb organisiert. Alle Jugendfeuerwehren hatten daf\u00fcr vorher einen Tanz einstudiert. Bei toller Musik zeigten die Jugendlichen sensationelle Leistungen und erhielten daf\u00fcr zurecht tosenden Applaus. Diesen Wettbewerb gewann die Jugendfeuerwehr Lutten, die mit einem tollen Musik-Medley und einer b\u00e4renstarken Tanzeinlage auftrumpfte.<\/p>\n<p>Am Pfingstmontag startete man mit dem &#8222;A-Lauf&#8220;. Dabei mussten f\u00fcnf Mitglieder der einzelnen Jugendfeuerwehren mit Hilfe eines gro\u00dfen A aus Holz eine bestimmte Entfernung zur\u00fccklegen. Vier Jugendliche mit Seilen hielten das A, einer bewegte das gro\u00dfe 2,5m hohe A vorw\u00e4rts. Ein tolles Spiel, welches am Ende knapp ausging. Am Nachmittag hatte sich das Jugendforum (bestehend aus den Jugendsprechern aller Jugendfeuerwehren) eine kleine \u00dcberraschung ausgedacht. Eine riesige Folie wurde zu einer Wasserrutschbahn umfunktioniert. Die Jugendfeuerwehren genossen bei sommerlichen Temperaturen diese Abk\u00fchlung. Zus\u00e4tzlich wurde nach kurzer Zeit eine Schaumparty veranstaltet. Ein toller Abschluss eines tollen Zeltlagers.<\/p>\n<p>Bei der Siegerehrung am Abend begl\u00fcckw\u00fcnschte Kreisbrandmeister Matthias Trumme alle Jugendfeuerwehren. &#8222;Hier gibt es keine Verlierer, sondern nur Sieger&#8220;, so Trumme. B\u00fcrgermeister Averbeck war stolz, die Jugendfeuerwehren in seiner Gemeinde begr\u00fc\u00dfen zu d\u00fcrfen. Er dankte allen f\u00fcr das ehrenamtliche Arrangement. Die Platzierungen waren wie folgt:<\/p>\n<ol>\n<li>Borringhausen \/ 2. Brockdorf \/ 3. Dinklage \/ 4. Lutten \/ 5. S\u00fcdlohne \/ 6. L\u00fcsche \/ 7. Visbek \/ 8. Steinfeld \/ 9. Bakum \/ 10. Neuenkirchen \/ 11. Osterfeine \/ 12. Goldenstedt \/ 13. Holdorf \/ 14. Damme \/ 15. Langf\u00f6rden \/ 16. Lohne \/ 17. V\u00f6rden \/ 18. Vechta<\/li>\n<\/ol>\n<p>Die Jugendfeuerwehr Borringhausen konnte somit die begehrte Wanderplakette in Empfang nehmen. Der Abend wurde dann gem\u00fctlich beim Grillen oder weiteren Wasserspielen verbracht. Am Dienstagmorgen begann das gro\u00dfe Abbauen und die Jugendfeuerwehren verlie\u00dfen den Ort L\u00fcsche, in dem ein tolles und hervorragend ausgerichtetes Pfingstzeltlager stattfand. Alle Teilnehmer freuen sich bereits jetzt auf Pfingsten 2018, wo das Zeltlager in Langf\u00f6rden stattfinden wird.<\/p>\n<p><!-- default-view.php -->\n<div\n\tclass=\"ngg-galleryoverview default-view\n\t ngg-ajax-pagination-none\t\"\n\tid=\"ngg-gallery-86995a75b22f3bcbc6f71c02863db6bb-1\"\n\tdata-gallery-id=\"88\">\n\n\t\t<!-- Thumbnails -->\n\t\t\t\t<div id=\"ngg-image-0\" class=\"ngg-gallery-thumbnail-box\n\t\t\t\t\t\t\t\t\t\t\t\"\n\t\t\t>\n\t\t\t\t\t\t<div class=\"ngg-gallery-thumbnail\">\n\t\t\t<a href=\"https:\/\/www.kreisfeuerwehrverband-vechta.de\/wp_KFV_2016\/wp-content\/gallery\/pfingstzeltlager-2017-in-luesche\/0001.jpg\"\n\t\t\t\ttitle=\"\"\n\t\t\t\tdata-src=\"https:\/\/www.kreisfeuerwehrverband-vechta.de\/wp_KFV_2016\/wp-content\/gallery\/pfingstzeltlager-2017-in-luesche\/0001.jpg\"\n\t\t\t\tdata-thumbnail=\"https:\/\/www.kreisfeuerwehrverband-vechta.de\/wp_KFV_2016\/wp-content\/gallery\/pfingstzeltlager-2017-in-luesche\/thumbs\/thumbs_0001.jpg\"\n\t\t\t\tdata-image-id=\"1205\"\n\t\t\t\tdata-title=\"0001\"\n\t\t\t\tdata-description=\"\"\n\t\t\t\tdata-image-slug=\"0001\"\n\t\t\t\t\t\t\t\t\t\t\t\t\t\t\t\t\t\t\t\tclass=\"ngg-fancybox\" rel=\"86995a75b22f3bcbc6f71c02863db6bb\">\n\t\t\t\t\t\t\t\t<img\n\t\t\t\t\ttitle=\"0001\"\n\t\t\t\t\talt=\"0001\"\n\t\t\t\t\tsrc=\"https:\/\/www.kreisfeuerwehrverband-vechta.de\/wp_KFV_2016\/wp-content\/gallery\/pfingstzeltlager-2017-in-luesche\/thumbs\/thumbs_0001.jpg\"\n\t\t\t\t\twidth=\"240\"\n\t\t\t\t\theight=\"160\"\n\t\t\t\t\tstyle=\"max-width:100%;\"\n\t\t\t\t\/>\n\t\t\t<\/a>\n\t\t<\/div>\n\t\t\t\t\t\t\t<\/div>\n\t\t\t\n\t\t\t\t<div id=\"ngg-image-1\" class=\"ngg-gallery-thumbnail-box\n\t\t\t\t\t\t\t\t\t\t\t\"\n\t\t\t>\n\t\t\t\t\t\t<div class=\"ngg-gallery-thumbnail\">\n\t\t\t<a href=\"https:\/\/www.kreisfeuerwehrverband-vechta.de\/wp_KFV_2016\/wp-content\/gallery\/pfingstzeltlager-2017-in-luesche\/0002.jpg\"\n\t\t\t\ttitle=\"\"\n\t\t\t\tdata-src=\"https:\/\/www.kreisfeuerwehrverband-vechta.de\/wp_KFV_2016\/wp-content\/gallery\/pfingstzeltlager-2017-in-luesche\/0002.jpg\"\n\t\t\t\tdata-thumbnail=\"https:\/\/www.kreisfeuerwehrverband-vechta.de\/wp_KFV_2016\/wp-content\/gallery\/pfingstzeltlager-2017-in-luesche\/thumbs\/thumbs_0002.jpg\"\n\t\t\t\tdata-image-id=\"1206\"\n\t\t\t\tdata-title=\"0002\"\n\t\t\t\tdata-description=\"\"\n\t\t\t\tdata-image-slug=\"0002\"\n\t\t\t\t\t\t\t\t\t\t\t\t\t\t\t\t\t\t\t\tclass=\"ngg-fancybox\" rel=\"86995a75b22f3bcbc6f71c02863db6bb\">\n\t\t\t\t\t\t\t\t<img\n\t\t\t\t\ttitle=\"0002\"\n\t\t\t\t\talt=\"0002\"\n\t\t\t\t\tsrc=\"https:\/\/www.kreisfeuerwehrverband-vechta.de\/wp_KFV_2016\/wp-content\/gallery\/pfingstzeltlager-2017-in-luesche\/thumbs\/thumbs_0002.jpg\"\n\t\t\t\t\twidth=\"240\"\n\t\t\t\t\theight=\"160\"\n\t\t\t\t\tstyle=\"max-width:100%;\"\n\t\t\t\t\/>\n\t\t\t<\/a>\n\t\t<\/div>\n\t\t\t\t\t\t\t<\/div>\n\t\t\t\n\t\t\t\t<div id=\"ngg-image-2\" class=\"ngg-gallery-thumbnail-box\n\t\t\t\t\t\t\t\t\t\t\t\"\n\t\t\t>\n\t\t\t\t\t\t<div class=\"ngg-gallery-thumbnail\">\n\t\t\t<a href=\"https:\/\/www.kreisfeuerwehrverband-vechta.de\/wp_KFV_2016\/wp-content\/gallery\/pfingstzeltlager-2017-in-luesche\/0003.jpg\"\n\t\t\t\ttitle=\"\"\n\t\t\t\tdata-src=\"https:\/\/www.kreisfeuerwehrverband-vechta.de\/wp_KFV_2016\/wp-content\/gallery\/pfingstzeltlager-2017-in-luesche\/0003.jpg\"\n\t\t\t\tdata-thumbnail=\"https:\/\/www.kreisfeuerwehrverband-vechta.de\/wp_KFV_2016\/wp-content\/gallery\/pfingstzeltlager-2017-in-luesche\/thumbs\/thumbs_0003.jpg\"\n\t\t\t\tdata-image-id=\"1207\"\n\t\t\t\tdata-title=\"0003\"\n\t\t\t\tdata-description=\"\"\n\t\t\t\tdata-image-slug=\"0003\"\n\t\t\t\t\t\t\t\t\t\t\t\t\t\t\t\t\t\t\t\tclass=\"ngg-fancybox\" rel=\"86995a75b22f3bcbc6f71c02863db6bb\">\n\t\t\t\t\t\t\t\t<img\n\t\t\t\t\ttitle=\"0003\"\n\t\t\t\t\talt=\"0003\"\n\t\t\t\t\tsrc=\"https:\/\/www.kreisfeuerwehrverband-vechta.de\/wp_KFV_2016\/wp-content\/gallery\/pfingstzeltlager-2017-in-luesche\/thumbs\/thumbs_0003.jpg\"\n\t\t\t\t\twidth=\"240\"\n\t\t\t\t\theight=\"160\"\n\t\t\t\t\tstyle=\"max-width:100%;\"\n\t\t\t\t\/>\n\t\t\t<\/a>\n\t\t<\/div>\n\t\t\t\t\t\t\t<\/div>\n\t\t\t\n\t\t\t\t<div id=\"ngg-image-3\" class=\"ngg-gallery-thumbnail-box\n\t\t\t\t\t\t\t\t\t\t\t\"\n\t\t\t>\n\t\t\t\t\t\t<div class=\"ngg-gallery-thumbnail\">\n\t\t\t<a href=\"https:\/\/www.kreisfeuerwehrverband-vechta.de\/wp_KFV_2016\/wp-content\/gallery\/pfingstzeltlager-2017-in-luesche\/0003a.jpg\"\n\t\t\t\ttitle=\"\"\n\t\t\t\tdata-src=\"https:\/\/www.kreisfeuerwehrverband-vechta.de\/wp_KFV_2016\/wp-content\/gallery\/pfingstzeltlager-2017-in-luesche\/0003a.jpg\"\n\t\t\t\tdata-thumbnail=\"https:\/\/www.kreisfeuerwehrverband-vechta.de\/wp_KFV_2016\/wp-content\/gallery\/pfingstzeltlager-2017-in-luesche\/thumbs\/thumbs_0003a.jpg\"\n\t\t\t\tdata-image-id=\"1208\"\n\t\t\t\tdata-title=\"0003a\"\n\t\t\t\tdata-description=\"\"\n\t\t\t\tdata-image-slug=\"0003a\"\n\t\t\t\t\t\t\t\t\t\t\t\t\t\t\t\t\t\t\t\tclass=\"ngg-fancybox\" rel=\"86995a75b22f3bcbc6f71c02863db6bb\">\n\t\t\t\t\t\t\t\t<img\n\t\t\t\t\ttitle=\"0003a\"\n\t\t\t\t\talt=\"0003a\"\n\t\t\t\t\tsrc=\"https:\/\/www.kreisfeuerwehrverband-vechta.de\/wp_KFV_2016\/wp-content\/gallery\/pfingstzeltlager-2017-in-luesche\/thumbs\/thumbs_0003a.jpg\"\n\t\t\t\t\twidth=\"240\"\n\t\t\t\t\theight=\"160\"\n\t\t\t\t\tstyle=\"max-width:100%;\"\n\t\t\t\t\/>\n\t\t\t<\/a>\n\t\t<\/div>\n\t\t\t\t\t\t\t<\/div>\n\t\t\t\n\t\t\t\t<div id=\"ngg-image-4\" class=\"ngg-gallery-thumbnail-box\n\t\t\t\t\t\t\t\t\t\t\t\"\n\t\t\t>\n\t\t\t\t\t\t<div class=\"ngg-gallery-thumbnail\">\n\t\t\t<a href=\"https:\/\/www.kreisfeuerwehrverband-vechta.de\/wp_KFV_2016\/wp-content\/gallery\/pfingstzeltlager-2017-in-luesche\/0003b.jpg\"\n\t\t\t\ttitle=\"\"\n\t\t\t\tdata-src=\"https:\/\/www.kreisfeuerwehrverband-vechta.de\/wp_KFV_2016\/wp-content\/gallery\/pfingstzeltlager-2017-in-luesche\/0003b.jpg\"\n\t\t\t\tdata-thumbnail=\"https:\/\/www.kreisfeuerwehrverband-vechta.de\/wp_KFV_2016\/wp-content\/gallery\/pfingstzeltlager-2017-in-luesche\/thumbs\/thumbs_0003b.jpg\"\n\t\t\t\tdata-image-id=\"1209\"\n\t\t\t\tdata-title=\"0003b\"\n\t\t\t\tdata-description=\"\"\n\t\t\t\tdata-image-slug=\"0003b\"\n\t\t\t\t\t\t\t\t\t\t\t\t\t\t\t\t\t\t\t\tclass=\"ngg-fancybox\" rel=\"86995a75b22f3bcbc6f71c02863db6bb\">\n\t\t\t\t\t\t\t\t<img\n\t\t\t\t\ttitle=\"0003b\"\n\t\t\t\t\talt=\"0003b\"\n\t\t\t\t\tsrc=\"https:\/\/www.kreisfeuerwehrverband-vechta.de\/wp_KFV_2016\/wp-content\/gallery\/pfingstzeltlager-2017-in-luesche\/thumbs\/thumbs_0003b.jpg\"\n\t\t\t\t\twidth=\"240\"\n\t\t\t\t\theight=\"160\"\n\t\t\t\t\tstyle=\"max-width:100%;\"\n\t\t\t\t\/>\n\t\t\t<\/a>\n\t\t<\/div>\n\t\t\t\t\t\t\t<\/div>\n\t\t\t\n\t\t\t\t<div id=\"ngg-image-5\" class=\"ngg-gallery-thumbnail-box\n\t\t\t\t\t\t\t\t\t\t\t\"\n\t\t\t>\n\t\t\t\t\t\t<div class=\"ngg-gallery-thumbnail\">\n\t\t\t<a href=\"https:\/\/www.kreisfeuerwehrverband-vechta.de\/wp_KFV_2016\/wp-content\/gallery\/pfingstzeltlager-2017-in-luesche\/0003c.jpg\"\n\t\t\t\ttitle=\"\"\n\t\t\t\tdata-src=\"https:\/\/www.kreisfeuerwehrverband-vechta.de\/wp_KFV_2016\/wp-content\/gallery\/pfingstzeltlager-2017-in-luesche\/0003c.jpg\"\n\t\t\t\tdata-thumbnail=\"https:\/\/www.kreisfeuerwehrverband-vechta.de\/wp_KFV_2016\/wp-content\/gallery\/pfingstzeltlager-2017-in-luesche\/thumbs\/thumbs_0003c.jpg\"\n\t\t\t\tdata-image-id=\"1210\"\n\t\t\t\tdata-title=\"0003c\"\n\t\t\t\tdata-description=\"\"\n\t\t\t\tdata-image-slug=\"0003c\"\n\t\t\t\t\t\t\t\t\t\t\t\t\t\t\t\t\t\t\t\tclass=\"ngg-fancybox\" rel=\"86995a75b22f3bcbc6f71c02863db6bb\">\n\t\t\t\t\t\t\t\t<img\n\t\t\t\t\ttitle=\"0003c\"\n\t\t\t\t\talt=\"0003c\"\n\t\t\t\t\tsrc=\"https:\/\/www.kreisfeuerwehrverband-vechta.de\/wp_KFV_2016\/wp-content\/gallery\/pfingstzeltlager-2017-in-luesche\/thumbs\/thumbs_0003c.jpg\"\n\t\t\t\t\twidth=\"240\"\n\t\t\t\t\theight=\"160\"\n\t\t\t\t\tstyle=\"max-width:100%;\"\n\t\t\t\t\/>\n\t\t\t<\/a>\n\t\t<\/div>\n\t\t\t\t\t\t\t<\/div>\n\t\t\t\n\t\t\t\t<div id=\"ngg-image-6\" class=\"ngg-gallery-thumbnail-box\n\t\t\t\t\t\t\t\t\t\t\t\"\n\t\t\t>\n\t\t\t\t\t\t<div class=\"ngg-gallery-thumbnail\">\n\t\t\t<a href=\"https:\/\/www.kreisfeuerwehrverband-vechta.de\/wp_KFV_2016\/wp-content\/gallery\/pfingstzeltlager-2017-in-luesche\/0003d.jpg\"\n\t\t\t\ttitle=\"\"\n\t\t\t\tdata-src=\"https:\/\/www.kreisfeuerwehrverband-vechta.de\/wp_KFV_2016\/wp-content\/gallery\/pfingstzeltlager-2017-in-luesche\/0003d.jpg\"\n\t\t\t\tdata-thumbnail=\"https:\/\/www.kreisfeuerwehrverband-vechta.de\/wp_KFV_2016\/wp-content\/gallery\/pfingstzeltlager-2017-in-luesche\/thumbs\/thumbs_0003d.jpg\"\n\t\t\t\tdata-image-id=\"1211\"\n\t\t\t\tdata-title=\"0003d\"\n\t\t\t\tdata-description=\"\"\n\t\t\t\tdata-image-slug=\"0003d\"\n\t\t\t\t\t\t\t\t\t\t\t\t\t\t\t\t\t\t\t\tclass=\"ngg-fancybox\" rel=\"86995a75b22f3bcbc6f71c02863db6bb\">\n\t\t\t\t\t\t\t\t<img\n\t\t\t\t\ttitle=\"0003d\"\n\t\t\t\t\talt=\"0003d\"\n\t\t\t\t\tsrc=\"https:\/\/www.kreisfeuerwehrverband-vechta.de\/wp_KFV_2016\/wp-content\/gallery\/pfingstzeltlager-2017-in-luesche\/thumbs\/thumbs_0003d.jpg\"\n\t\t\t\t\twidth=\"240\"\n\t\t\t\t\theight=\"160\"\n\t\t\t\t\tstyle=\"max-width:100%;\"\n\t\t\t\t\/>\n\t\t\t<\/a>\n\t\t<\/div>\n\t\t\t\t\t\t\t<\/div>\n\t\t\t\n\t\t\t\t<div id=\"ngg-image-7\" class=\"ngg-gallery-thumbnail-box\n\t\t\t\t\t\t\t\t\t\t\t\"\n\t\t\t>\n\t\t\t\t\t\t<div class=\"ngg-gallery-thumbnail\">\n\t\t\t<a href=\"https:\/\/www.kreisfeuerwehrverband-vechta.de\/wp_KFV_2016\/wp-content\/gallery\/pfingstzeltlager-2017-in-luesche\/0003e.jpg\"\n\t\t\t\ttitle=\"\"\n\t\t\t\tdata-src=\"https:\/\/www.kreisfeuerwehrverband-vechta.de\/wp_KFV_2016\/wp-content\/gallery\/pfingstzeltlager-2017-in-luesche\/0003e.jpg\"\n\t\t\t\tdata-thumbnail=\"https:\/\/www.kreisfeuerwehrverband-vechta.de\/wp_KFV_2016\/wp-content\/gallery\/pfingstzeltlager-2017-in-luesche\/thumbs\/thumbs_0003e.jpg\"\n\t\t\t\tdata-image-id=\"1212\"\n\t\t\t\tdata-title=\"0003e\"\n\t\t\t\tdata-description=\"\"\n\t\t\t\tdata-image-slug=\"0003e\"\n\t\t\t\t\t\t\t\t\t\t\t\t\t\t\t\t\t\t\t\tclass=\"ngg-fancybox\" rel=\"86995a75b22f3bcbc6f71c02863db6bb\">\n\t\t\t\t\t\t\t\t<img\n\t\t\t\t\ttitle=\"0003e\"\n\t\t\t\t\talt=\"0003e\"\n\t\t\t\t\tsrc=\"https:\/\/www.kreisfeuerwehrverband-vechta.de\/wp_KFV_2016\/wp-content\/gallery\/pfingstzeltlager-2017-in-luesche\/thumbs\/thumbs_0003e.jpg\"\n\t\t\t\t\twidth=\"240\"\n\t\t\t\t\theight=\"160\"\n\t\t\t\t\tstyle=\"max-width:100%;\"\n\t\t\t\t\/>\n\t\t\t<\/a>\n\t\t<\/div>\n\t\t\t\t\t\t\t<\/div>\n\t\t\t\n\t\t\t\t<div id=\"ngg-image-8\" class=\"ngg-gallery-thumbnail-box\n\t\t\t\t\t\t\t\t\t\t\t\"\n\t\t\t>\n\t\t\t\t\t\t<div class=\"ngg-gallery-thumbnail\">\n\t\t\t<a href=\"https:\/\/www.kreisfeuerwehrverband-vechta.de\/wp_KFV_2016\/wp-content\/gallery\/pfingstzeltlager-2017-in-luesche\/0003f.jpg\"\n\t\t\t\ttitle=\"\"\n\t\t\t\tdata-src=\"https:\/\/www.kreisfeuerwehrverband-vechta.de\/wp_KFV_2016\/wp-content\/gallery\/pfingstzeltlager-2017-in-luesche\/0003f.jpg\"\n\t\t\t\tdata-thumbnail=\"https:\/\/www.kreisfeuerwehrverband-vechta.de\/wp_KFV_2016\/wp-content\/gallery\/pfingstzeltlager-2017-in-luesche\/thumbs\/thumbs_0003f.jpg\"\n\t\t\t\tdata-image-id=\"1213\"\n\t\t\t\tdata-title=\"0003f\"\n\t\t\t\tdata-description=\"\"\n\t\t\t\tdata-image-slug=\"0003f\"\n\t\t\t\t\t\t\t\t\t\t\t\t\t\t\t\t\t\t\t\tclass=\"ngg-fancybox\" rel=\"86995a75b22f3bcbc6f71c02863db6bb\">\n\t\t\t\t\t\t\t\t<img\n\t\t\t\t\ttitle=\"0003f\"\n\t\t\t\t\talt=\"0003f\"\n\t\t\t\t\tsrc=\"https:\/\/www.kreisfeuerwehrverband-vechta.de\/wp_KFV_2016\/wp-content\/gallery\/pfingstzeltlager-2017-in-luesche\/thumbs\/thumbs_0003f.jpg\"\n\t\t\t\t\twidth=\"240\"\n\t\t\t\t\theight=\"160\"\n\t\t\t\t\tstyle=\"max-width:100%;\"\n\t\t\t\t\/>\n\t\t\t<\/a>\n\t\t<\/div>\n\t\t\t\t\t\t\t<\/div>\n\t\t\t\n\t\t\t\t<div id=\"ngg-image-9\" class=\"ngg-gallery-thumbnail-box\n\t\t\t\t\t\t\t\t\t\t\t\"\n\t\t\t>\n\t\t\t\t\t\t<div class=\"ngg-gallery-thumbnail\">\n\t\t\t<a href=\"https:\/\/www.kreisfeuerwehrverband-vechta.de\/wp_KFV_2016\/wp-content\/gallery\/pfingstzeltlager-2017-in-luesche\/0003g.jpg\"\n\t\t\t\ttitle=\"\"\n\t\t\t\tdata-src=\"https:\/\/www.kreisfeuerwehrverband-vechta.de\/wp_KFV_2016\/wp-content\/gallery\/pfingstzeltlager-2017-in-luesche\/0003g.jpg\"\n\t\t\t\tdata-thumbnail=\"https:\/\/www.kreisfeuerwehrverband-vechta.de\/wp_KFV_2016\/wp-content\/gallery\/pfingstzeltlager-2017-in-luesche\/thumbs\/thumbs_0003g.jpg\"\n\t\t\t\tdata-image-id=\"1214\"\n\t\t\t\tdata-title=\"0003g\"\n\t\t\t\tdata-description=\"\"\n\t\t\t\tdata-image-slug=\"0003g\"\n\t\t\t\t\t\t\t\t\t\t\t\t\t\t\t\t\t\t\t\tclass=\"ngg-fancybox\" rel=\"86995a75b22f3bcbc6f71c02863db6bb\">\n\t\t\t\t\t\t\t\t<img\n\t\t\t\t\ttitle=\"0003g\"\n\t\t\t\t\talt=\"0003g\"\n\t\t\t\t\tsrc=\"https:\/\/www.kreisfeuerwehrverband-vechta.de\/wp_KFV_2016\/wp-content\/gallery\/pfingstzeltlager-2017-in-luesche\/thumbs\/thumbs_0003g.jpg\"\n\t\t\t\t\twidth=\"240\"\n\t\t\t\t\theight=\"160\"\n\t\t\t\t\tstyle=\"max-width:100%;\"\n\t\t\t\t\/>\n\t\t\t<\/a>\n\t\t<\/div>\n\t\t\t\t\t\t\t<\/div>\n\t\t\t\n\t\t\t\t<div id=\"ngg-image-10\" class=\"ngg-gallery-thumbnail-box\n\t\t\t\t\t\t\t\t\t\t\t\"\n\t\t\t>\n\t\t\t\t\t\t<div class=\"ngg-gallery-thumbnail\">\n\t\t\t<a href=\"https:\/\/www.kreisfeuerwehrverband-vechta.de\/wp_KFV_2016\/wp-content\/gallery\/pfingstzeltlager-2017-in-luesche\/0003h.jpg\"\n\t\t\t\ttitle=\"\"\n\t\t\t\tdata-src=\"https:\/\/www.kreisfeuerwehrverband-vechta.de\/wp_KFV_2016\/wp-content\/gallery\/pfingstzeltlager-2017-in-luesche\/0003h.jpg\"\n\t\t\t\tdata-thumbnail=\"https:\/\/www.kreisfeuerwehrverband-vechta.de\/wp_KFV_2016\/wp-content\/gallery\/pfingstzeltlager-2017-in-luesche\/thumbs\/thumbs_0003h.jpg\"\n\t\t\t\tdata-image-id=\"1215\"\n\t\t\t\tdata-title=\"0003h\"\n\t\t\t\tdata-description=\"\"\n\t\t\t\tdata-image-slug=\"0003h\"\n\t\t\t\t\t\t\t\t\t\t\t\t\t\t\t\t\t\t\t\tclass=\"ngg-fancybox\" rel=\"86995a75b22f3bcbc6f71c02863db6bb\">\n\t\t\t\t\t\t\t\t<img\n\t\t\t\t\ttitle=\"0003h\"\n\t\t\t\t\talt=\"0003h\"\n\t\t\t\t\tsrc=\"https:\/\/www.kreisfeuerwehrverband-vechta.de\/wp_KFV_2016\/wp-content\/gallery\/pfingstzeltlager-2017-in-luesche\/thumbs\/thumbs_0003h.jpg\"\n\t\t\t\t\twidth=\"240\"\n\t\t\t\t\theight=\"160\"\n\t\t\t\t\tstyle=\"max-width:100%;\"\n\t\t\t\t\/>\n\t\t\t<\/a>\n\t\t<\/div>\n\t\t\t\t\t\t\t<\/div>\n\t\t\t\n\t\t\t\t<div id=\"ngg-image-11\" class=\"ngg-gallery-thumbnail-box\n\t\t\t\t\t\t\t\t\t\t\t\"\n\t\t\t>\n\t\t\t\t\t\t<div class=\"ngg-gallery-thumbnail\">\n\t\t\t<a href=\"https:\/\/www.kreisfeuerwehrverband-vechta.de\/wp_KFV_2016\/wp-content\/gallery\/pfingstzeltlager-2017-in-luesche\/0003i.jpg\"\n\t\t\t\ttitle=\"\"\n\t\t\t\tdata-src=\"https:\/\/www.kreisfeuerwehrverband-vechta.de\/wp_KFV_2016\/wp-content\/gallery\/pfingstzeltlager-2017-in-luesche\/0003i.jpg\"\n\t\t\t\tdata-thumbnail=\"https:\/\/www.kreisfeuerwehrverband-vechta.de\/wp_KFV_2016\/wp-content\/gallery\/pfingstzeltlager-2017-in-luesche\/thumbs\/thumbs_0003i.jpg\"\n\t\t\t\tdata-image-id=\"1216\"\n\t\t\t\tdata-title=\"0003i\"\n\t\t\t\tdata-description=\"\"\n\t\t\t\tdata-image-slug=\"0003i\"\n\t\t\t\t\t\t\t\t\t\t\t\t\t\t\t\t\t\t\t\tclass=\"ngg-fancybox\" rel=\"86995a75b22f3bcbc6f71c02863db6bb\">\n\t\t\t\t\t\t\t\t<img\n\t\t\t\t\ttitle=\"0003i\"\n\t\t\t\t\talt=\"0003i\"\n\t\t\t\t\tsrc=\"https:\/\/www.kreisfeuerwehrverband-vechta.de\/wp_KFV_2016\/wp-content\/gallery\/pfingstzeltlager-2017-in-luesche\/thumbs\/thumbs_0003i.jpg\"\n\t\t\t\t\twidth=\"240\"\n\t\t\t\t\theight=\"160\"\n\t\t\t\t\tstyle=\"max-width:100%;\"\n\t\t\t\t\/>\n\t\t\t<\/a>\n\t\t<\/div>\n\t\t\t\t\t\t\t<\/div>\n\t\t\t\n\t\t\t\t<div id=\"ngg-image-12\" class=\"ngg-gallery-thumbnail-box\n\t\t\t\t\t\t\t\t\t\t\t\"\n\t\t\t>\n\t\t\t\t\t\t<div class=\"ngg-gallery-thumbnail\">\n\t\t\t<a href=\"https:\/\/www.kreisfeuerwehrverband-vechta.de\/wp_KFV_2016\/wp-content\/gallery\/pfingstzeltlager-2017-in-luesche\/0003j.jpg\"\n\t\t\t\ttitle=\"\"\n\t\t\t\tdata-src=\"https:\/\/www.kreisfeuerwehrverband-vechta.de\/wp_KFV_2016\/wp-content\/gallery\/pfingstzeltlager-2017-in-luesche\/0003j.jpg\"\n\t\t\t\tdata-thumbnail=\"https:\/\/www.kreisfeuerwehrverband-vechta.de\/wp_KFV_2016\/wp-content\/gallery\/pfingstzeltlager-2017-in-luesche\/thumbs\/thumbs_0003j.jpg\"\n\t\t\t\tdata-image-id=\"1217\"\n\t\t\t\tdata-title=\"0003j\"\n\t\t\t\tdata-description=\"\"\n\t\t\t\tdata-image-slug=\"0003j\"\n\t\t\t\t\t\t\t\t\t\t\t\t\t\t\t\t\t\t\t\tclass=\"ngg-fancybox\" rel=\"86995a75b22f3bcbc6f71c02863db6bb\">\n\t\t\t\t\t\t\t\t<img\n\t\t\t\t\ttitle=\"0003j\"\n\t\t\t\t\talt=\"0003j\"\n\t\t\t\t\tsrc=\"https:\/\/www.kreisfeuerwehrverband-vechta.de\/wp_KFV_2016\/wp-content\/gallery\/pfingstzeltlager-2017-in-luesche\/thumbs\/thumbs_0003j.jpg\"\n\t\t\t\t\twidth=\"240\"\n\t\t\t\t\theight=\"160\"\n\t\t\t\t\tstyle=\"max-width:100%;\"\n\t\t\t\t\/>\n\t\t\t<\/a>\n\t\t<\/div>\n\t\t\t\t\t\t\t<\/div>\n\t\t\t\n\t\t\t\t<div id=\"ngg-image-13\" class=\"ngg-gallery-thumbnail-box\n\t\t\t\t\t\t\t\t\t\t\t\"\n\t\t\t>\n\t\t\t\t\t\t<div class=\"ngg-gallery-thumbnail\">\n\t\t\t<a href=\"https:\/\/www.kreisfeuerwehrverband-vechta.de\/wp_KFV_2016\/wp-content\/gallery\/pfingstzeltlager-2017-in-luesche\/0003k.jpg\"\n\t\t\t\ttitle=\"\"\n\t\t\t\tdata-src=\"https:\/\/www.kreisfeuerwehrverband-vechta.de\/wp_KFV_2016\/wp-content\/gallery\/pfingstzeltlager-2017-in-luesche\/0003k.jpg\"\n\t\t\t\tdata-thumbnail=\"https:\/\/www.kreisfeuerwehrverband-vechta.de\/wp_KFV_2016\/wp-content\/gallery\/pfingstzeltlager-2017-in-luesche\/thumbs\/thumbs_0003k.jpg\"\n\t\t\t\tdata-image-id=\"1218\"\n\t\t\t\tdata-title=\"0003k\"\n\t\t\t\tdata-description=\"\"\n\t\t\t\tdata-image-slug=\"0003k\"\n\t\t\t\t\t\t\t\t\t\t\t\t\t\t\t\t\t\t\t\tclass=\"ngg-fancybox\" rel=\"86995a75b22f3bcbc6f71c02863db6bb\">\n\t\t\t\t\t\t\t\t<img\n\t\t\t\t\ttitle=\"0003k\"\n\t\t\t\t\talt=\"0003k\"\n\t\t\t\t\tsrc=\"https:\/\/www.kreisfeuerwehrverband-vechta.de\/wp_KFV_2016\/wp-content\/gallery\/pfingstzeltlager-2017-in-luesche\/thumbs\/thumbs_0003k.jpg\"\n\t\t\t\t\twidth=\"240\"\n\t\t\t\t\theight=\"160\"\n\t\t\t\t\tstyle=\"max-width:100%;\"\n\t\t\t\t\/>\n\t\t\t<\/a>\n\t\t<\/div>\n\t\t\t\t\t\t\t<\/div>\n\t\t\t\n\t\t\t\t<div id=\"ngg-image-14\" class=\"ngg-gallery-thumbnail-box\n\t\t\t\t\t\t\t\t\t\t\t\"\n\t\t\t>\n\t\t\t\t\t\t<div class=\"ngg-gallery-thumbnail\">\n\t\t\t<a href=\"https:\/\/www.kreisfeuerwehrverband-vechta.de\/wp_KFV_2016\/wp-content\/gallery\/pfingstzeltlager-2017-in-luesche\/0003l.jpg\"\n\t\t\t\ttitle=\"\"\n\t\t\t\tdata-src=\"https:\/\/www.kreisfeuerwehrverband-vechta.de\/wp_KFV_2016\/wp-content\/gallery\/pfingstzeltlager-2017-in-luesche\/0003l.jpg\"\n\t\t\t\tdata-thumbnail=\"https:\/\/www.kreisfeuerwehrverband-vechta.de\/wp_KFV_2016\/wp-content\/gallery\/pfingstzeltlager-2017-in-luesche\/thumbs\/thumbs_0003l.jpg\"\n\t\t\t\tdata-image-id=\"1219\"\n\t\t\t\tdata-title=\"0003l\"\n\t\t\t\tdata-description=\"\"\n\t\t\t\tdata-image-slug=\"0003l\"\n\t\t\t\t\t\t\t\t\t\t\t\t\t\t\t\t\t\t\t\tclass=\"ngg-fancybox\" rel=\"86995a75b22f3bcbc6f71c02863db6bb\">\n\t\t\t\t\t\t\t\t<img\n\t\t\t\t\ttitle=\"0003l\"\n\t\t\t\t\talt=\"0003l\"\n\t\t\t\t\tsrc=\"https:\/\/www.kreisfeuerwehrverband-vechta.de\/wp_KFV_2016\/wp-content\/gallery\/pfingstzeltlager-2017-in-luesche\/thumbs\/thumbs_0003l.jpg\"\n\t\t\t\t\twidth=\"240\"\n\t\t\t\t\theight=\"160\"\n\t\t\t\t\tstyle=\"max-width:100%;\"\n\t\t\t\t\/>\n\t\t\t<\/a>\n\t\t<\/div>\n\t\t\t\t\t\t\t<\/div>\n\t\t\t\n\t\t\t\t<div id=\"ngg-image-15\" class=\"ngg-gallery-thumbnail-box\n\t\t\t\t\t\t\t\t\t\t\t\"\n\t\t\t>\n\t\t\t\t\t\t<div class=\"ngg-gallery-thumbnail\">\n\t\t\t<a href=\"https:\/\/www.kreisfeuerwehrverband-vechta.de\/wp_KFV_2016\/wp-content\/gallery\/pfingstzeltlager-2017-in-luesche\/0004.jpg\"\n\t\t\t\ttitle=\"\"\n\t\t\t\tdata-src=\"https:\/\/www.kreisfeuerwehrverband-vechta.de\/wp_KFV_2016\/wp-content\/gallery\/pfingstzeltlager-2017-in-luesche\/0004.jpg\"\n\t\t\t\tdata-thumbnail=\"https:\/\/www.kreisfeuerwehrverband-vechta.de\/wp_KFV_2016\/wp-content\/gallery\/pfingstzeltlager-2017-in-luesche\/thumbs\/thumbs_0004.jpg\"\n\t\t\t\tdata-image-id=\"1220\"\n\t\t\t\tdata-title=\"0004\"\n\t\t\t\tdata-description=\"\"\n\t\t\t\tdata-image-slug=\"0004\"\n\t\t\t\t\t\t\t\t\t\t\t\t\t\t\t\t\t\t\t\tclass=\"ngg-fancybox\" rel=\"86995a75b22f3bcbc6f71c02863db6bb\">\n\t\t\t\t\t\t\t\t<img\n\t\t\t\t\ttitle=\"0004\"\n\t\t\t\t\talt=\"0004\"\n\t\t\t\t\tsrc=\"https:\/\/www.kreisfeuerwehrverband-vechta.de\/wp_KFV_2016\/wp-content\/gallery\/pfingstzeltlager-2017-in-luesche\/thumbs\/thumbs_0004.jpg\"\n\t\t\t\t\twidth=\"240\"\n\t\t\t\t\theight=\"160\"\n\t\t\t\t\tstyle=\"max-width:100%;\"\n\t\t\t\t\/>\n\t\t\t<\/a>\n\t\t<\/div>\n\t\t\t\t\t\t\t<\/div>\n\t\t\t\n\t\t\t\t<div id=\"ngg-image-16\" class=\"ngg-gallery-thumbnail-box\n\t\t\t\t\t\t\t\t\t\t\t\"\n\t\t\t>\n\t\t\t\t\t\t<div class=\"ngg-gallery-thumbnail\">\n\t\t\t<a href=\"https:\/\/www.kreisfeuerwehrverband-vechta.de\/wp_KFV_2016\/wp-content\/gallery\/pfingstzeltlager-2017-in-luesche\/0005.jpg\"\n\t\t\t\ttitle=\"\"\n\t\t\t\tdata-src=\"https:\/\/www.kreisfeuerwehrverband-vechta.de\/wp_KFV_2016\/wp-content\/gallery\/pfingstzeltlager-2017-in-luesche\/0005.jpg\"\n\t\t\t\tdata-thumbnail=\"https:\/\/www.kreisfeuerwehrverband-vechta.de\/wp_KFV_2016\/wp-content\/gallery\/pfingstzeltlager-2017-in-luesche\/thumbs\/thumbs_0005.jpg\"\n\t\t\t\tdata-image-id=\"1221\"\n\t\t\t\tdata-title=\"0005\"\n\t\t\t\tdata-description=\"\"\n\t\t\t\tdata-image-slug=\"0005\"\n\t\t\t\t\t\t\t\t\t\t\t\t\t\t\t\t\t\t\t\tclass=\"ngg-fancybox\" rel=\"86995a75b22f3bcbc6f71c02863db6bb\">\n\t\t\t\t\t\t\t\t<img\n\t\t\t\t\ttitle=\"0005\"\n\t\t\t\t\talt=\"0005\"\n\t\t\t\t\tsrc=\"https:\/\/www.kreisfeuerwehrverband-vechta.de\/wp_KFV_2016\/wp-content\/gallery\/pfingstzeltlager-2017-in-luesche\/thumbs\/thumbs_0005.jpg\"\n\t\t\t\t\twidth=\"240\"\n\t\t\t\t\theight=\"160\"\n\t\t\t\t\tstyle=\"max-width:100%;\"\n\t\t\t\t\/>\n\t\t\t<\/a>\n\t\t<\/div>\n\t\t\t\t\t\t\t<\/div>\n\t\t\t\n\t\t\t\t<div id=\"ngg-image-17\" class=\"ngg-gallery-thumbnail-box\n\t\t\t\t\t\t\t\t\t\t\t\"\n\t\t\t>\n\t\t\t\t\t\t<div class=\"ngg-gallery-thumbnail\">\n\t\t\t<a href=\"https:\/\/www.kreisfeuerwehrverband-vechta.de\/wp_KFV_2016\/wp-content\/gallery\/pfingstzeltlager-2017-in-luesche\/0006.jpg\"\n\t\t\t\ttitle=\"\"\n\t\t\t\tdata-src=\"https:\/\/www.kreisfeuerwehrverband-vechta.de\/wp_KFV_2016\/wp-content\/gallery\/pfingstzeltlager-2017-in-luesche\/0006.jpg\"\n\t\t\t\tdata-thumbnail=\"https:\/\/www.kreisfeuerwehrverband-vechta.de\/wp_KFV_2016\/wp-content\/gallery\/pfingstzeltlager-2017-in-luesche\/thumbs\/thumbs_0006.jpg\"\n\t\t\t\tdata-image-id=\"1222\"\n\t\t\t\tdata-title=\"0006\"\n\t\t\t\tdata-description=\"\"\n\t\t\t\tdata-image-slug=\"0006\"\n\t\t\t\t\t\t\t\t\t\t\t\t\t\t\t\t\t\t\t\tclass=\"ngg-fancybox\" rel=\"86995a75b22f3bcbc6f71c02863db6bb\">\n\t\t\t\t\t\t\t\t<img\n\t\t\t\t\ttitle=\"0006\"\n\t\t\t\t\talt=\"0006\"\n\t\t\t\t\tsrc=\"https:\/\/www.kreisfeuerwehrverband-vechta.de\/wp_KFV_2016\/wp-content\/gallery\/pfingstzeltlager-2017-in-luesche\/thumbs\/thumbs_0006.jpg\"\n\t\t\t\t\twidth=\"240\"\n\t\t\t\t\theight=\"160\"\n\t\t\t\t\tstyle=\"max-width:100%;\"\n\t\t\t\t\/>\n\t\t\t<\/a>\n\t\t<\/div>\n\t\t\t\t\t\t\t<\/div>\n\t\t\t\n\t\t\t\t<div id=\"ngg-image-18\" class=\"ngg-gallery-thumbnail-box\n\t\t\t\t\t\t\t\t\t\t\t\"\n\t\t\t>\n\t\t\t\t\t\t<div class=\"ngg-gallery-thumbnail\">\n\t\t\t<a href=\"https:\/\/www.kreisfeuerwehrverband-vechta.de\/wp_KFV_2016\/wp-content\/gallery\/pfingstzeltlager-2017-in-luesche\/0007.jpg\"\n\t\t\t\ttitle=\"\"\n\t\t\t\tdata-src=\"https:\/\/www.kreisfeuerwehrverband-vechta.de\/wp_KFV_2016\/wp-content\/gallery\/pfingstzeltlager-2017-in-luesche\/0007.jpg\"\n\t\t\t\tdata-thumbnail=\"https:\/\/www.kreisfeuerwehrverband-vechta.de\/wp_KFV_2016\/wp-content\/gallery\/pfingstzeltlager-2017-in-luesche\/thumbs\/thumbs_0007.jpg\"\n\t\t\t\tdata-image-id=\"1223\"\n\t\t\t\tdata-title=\"0007\"\n\t\t\t\tdata-description=\"\"\n\t\t\t\tdata-image-slug=\"0007\"\n\t\t\t\t\t\t\t\t\t\t\t\t\t\t\t\t\t\t\t\tclass=\"ngg-fancybox\" rel=\"86995a75b22f3bcbc6f71c02863db6bb\">\n\t\t\t\t\t\t\t\t<img\n\t\t\t\t\ttitle=\"0007\"\n\t\t\t\t\talt=\"0007\"\n\t\t\t\t\tsrc=\"https:\/\/www.kreisfeuerwehrverband-vechta.de\/wp_KFV_2016\/wp-content\/gallery\/pfingstzeltlager-2017-in-luesche\/thumbs\/thumbs_0007.jpg\"\n\t\t\t\t\twidth=\"240\"\n\t\t\t\t\theight=\"160\"\n\t\t\t\t\tstyle=\"max-width:100%;\"\n\t\t\t\t\/>\n\t\t\t<\/a>\n\t\t<\/div>\n\t\t\t\t\t\t\t<\/div>\n\t\t\t\n\t\t\t\t<div id=\"ngg-image-19\" class=\"ngg-gallery-thumbnail-box\n\t\t\t\t\t\t\t\t\t\t\t\"\n\t\t\t>\n\t\t\t\t\t\t<div class=\"ngg-gallery-thumbnail\">\n\t\t\t<a href=\"https:\/\/www.kreisfeuerwehrverband-vechta.de\/wp_KFV_2016\/wp-content\/gallery\/pfingstzeltlager-2017-in-luesche\/0008.jpg\"\n\t\t\t\ttitle=\"\"\n\t\t\t\tdata-src=\"https:\/\/www.kreisfeuerwehrverband-vechta.de\/wp_KFV_2016\/wp-content\/gallery\/pfingstzeltlager-2017-in-luesche\/0008.jpg\"\n\t\t\t\tdata-thumbnail=\"https:\/\/www.kreisfeuerwehrverband-vechta.de\/wp_KFV_2016\/wp-content\/gallery\/pfingstzeltlager-2017-in-luesche\/thumbs\/thumbs_0008.jpg\"\n\t\t\t\tdata-image-id=\"1224\"\n\t\t\t\tdata-title=\"0008\"\n\t\t\t\tdata-description=\"\"\n\t\t\t\tdata-image-slug=\"0008\"\n\t\t\t\t\t\t\t\t\t\t\t\t\t\t\t\t\t\t\t\tclass=\"ngg-fancybox\" rel=\"86995a75b22f3bcbc6f71c02863db6bb\">\n\t\t\t\t\t\t\t\t<img\n\t\t\t\t\ttitle=\"0008\"\n\t\t\t\t\talt=\"0008\"\n\t\t\t\t\tsrc=\"https:\/\/www.kreisfeuerwehrverband-vechta.de\/wp_KFV_2016\/wp-content\/gallery\/pfingstzeltlager-2017-in-luesche\/thumbs\/thumbs_0008.jpg\"\n\t\t\t\t\twidth=\"240\"\n\t\t\t\t\theight=\"160\"\n\t\t\t\t\tstyle=\"max-width:100%;\"\n\t\t\t\t\/>\n\t\t\t<\/a>\n\t\t<\/div>\n\t\t\t\t\t\t\t<\/div>\n\t\t\t\n\t\n\t<br style=\"clear: both\" \/>\n\n\t\n\t\t<!-- Pagination -->\n\t\t<div class='ngg-navigation'><span class='current'>1<\/span>\n<a class='page-numbers' data-pageid='2' href='https:\/\/www.kreisfeuerwehrverband-vechta.de\/index.php\/nggallery\/page\/2?p=4764'>2<\/a>\n<span class='ellipsis'>...<\/span>\n<a class='page-numbers' data-pageid='8' href='https:\/\/www.kreisfeuerwehrverband-vechta.de\/index.php\/nggallery\/page\/8?p=4764'>8<\/a>\n<a class='prev' href='https:\/\/www.kreisfeuerwehrverband-vechta.de\/index.php\/nggallery\/page\/2?p=4764' data-pageid=\"2\">&#9658;<\/a><\/div>\t<\/div>\n<\/p>\n","protected":false},"excerpt":{"rendered":"<p>Bei strahlendem Sonnenschein reisten die 18 Jugendfeuerwehren des Landkreises Vechta am Freitag, den 02.06.2017 nach L\u00fcsche, um dort ihre Zelte zum allj\u00e4hrlichen Pfingstzeltlager aufzuschlagen. Um 18:30 Uhr fand die offizielle Er\u00f6ffnung statt. Der neue Kreisjugendfeuerwehrwart Markus Fiswick begr\u00fc\u00dfte dabei die<\/p>\n","protected":false},"author":5,"featured_media":4765,"comment_status":"closed","ping_status":"closed","sticky":false,"template":"","format":"standard","meta":{"ngg_post_thumbnail":0,"footnotes":""},"categories":[5],"tags":[],"class_list":["post-4764","post","type-post","status-publish","format-standard","has-post-thumbnail","hentry","category-kreisjugendfeuerwehr"],"_links":{"self":[{"href":"https:\/\/www.kreisfeuerwehrverband-vechta.de\/index.php?rest_route=\/wp\/v2\/posts\/4764","targetHints":{"allow":["GET"]}}],"collection":[{"href":"https:\/\/www.kreisfeuerwehrverband-vechta.de\/index.php?rest_route=\/wp\/v2\/posts"}],"about":[{"href":"https:\/\/www.kreisfeuerwehrverband-vechta.de\/index.php?rest_route=\/wp\/v2\/types\/post"}],"author":[{"embeddable":true,"href":"https:\/\/www.kreisfeuerwehrverband-vechta.de\/index.php?rest_route=\/wp\/v2\/users\/5"}],"replies":[{"embeddable":true,"href":"https:\/\/www.kreisfeuerwehrverband-vechta.de\/index.php?rest_route=%2Fwp%2Fv2%2Fcomments&post=4764"}],"version-history":[{"count":0,"href":"https:\/\/www.kreisfeuerwehrverband-vechta.de\/index.php?rest_route=\/wp\/v2\/posts\/4764\/revisions"}],"wp:featuredmedia":[{"embeddable":true,"href":"https:\/\/www.kreisfeuerwehrverband-vechta.de\/index.php?rest_route=\/wp\/v2\/media\/4765"}],"wp:attachment":[{"href":"https:\/\/www.kreisfeuerwehrverband-vechta.de\/index.php?rest_route=%2Fwp%2Fv2%2Fmedia&parent=4764"}],"wp:term":[{"taxonomy":"category","embeddable":true,"href":"https:\/\/www.kreisfeuerwehrverband-vechta.de\/index.php?rest_route=%2Fwp%2Fv2%2Fcategories&post=4764"},{"taxonomy":"post_tag","embeddable":true,"href":"https:\/\/www.kreisfeuerwehrverband-vechta.de\/index.php?rest_route=%2Fwp%2Fv2%2Ftags&post=4764"}],"curies":[{"name":"wp","href":"https:\/\/api.w.org\/{rel}","templated":true}]}}