{"id":4351,"date":"2017-04-30T12:31:46","date_gmt":"2017-04-30T10:31:46","guid":{"rendered":"http:\/\/www.kreisfeuerwehrverband-vechta.de\/?p=4351"},"modified":"2017-05-05T19:27:22","modified_gmt":"2017-05-05T17:27:22","slug":"29-04-2017-kreisfeuerwehrversammlung-in-steinfeld","status":"publish","type":"post","link":"https:\/\/www.kreisfeuerwehrverband-vechta.de\/?p=4351","title":{"rendered":"29.04.2017 Kreisfeuerwehrversammlung in Steinfeld"},"content":{"rendered":"<p><span style=\"font-size: 12pt;\">Sehr geehrte Damen und Herren, liebe Feuerwehrkameradinnen und Kameraden, sehr geehrte G\u00e4ste.<\/span><\/p>\n<p>In meinem Jahresbericht m\u00f6chte ich das zur\u00fcckliegende Jahr noch einmal Revue passieren lassen. <br \/>\n Auch 2016 konnte die Kreisfeuerwehr im Gegensatz zum Landestrend weiter expandieren. Mitgliederwerbung und das Heranf\u00fchren von Seiteneinsteigern ist wichtiger denn je, um unsere Feuerwehren auf dem gewohnt hohen Standard zu halten.<\/p>\n<p><strong><span style=\"text-decoration: underline;\">Auflistung der Einsatzstruktur:<\/span><\/strong><\/p>\n<table style=\"height: 154px; border-color: #000000; width: 432.2px;\">\n<tbody>\n<tr>\n<td style=\"width: 57px; border-color: #000000;\">Jahr<\/td>\n<td style=\"width: 104px; border-color: #000000; text-align: center;\">Eins\u00e4tze Gesamt<\/td>\n<td style=\"width: 104px; border-color: #000000; text-align: center;\"><strong>Brandeins\u00e4tze*<\/strong><\/td>\n<td style=\"width: 135.2px; border-color: #000000; text-align: center;\">Technische Hilfe<\/td>\n<\/tr>\n<tr>\n<td style=\"width: 57px; border-color: #000000;\">2014<\/td>\n<td style=\"width: 104px; border-color: #000000; text-align: center;\">1280<\/td>\n<td style=\"width: 104px; border-color: #000000; text-align: center;\">&#8212;<\/td>\n<td style=\"width: 135.2px; border-color: #000000; text-align: center;\">&#8212;<\/td>\n<\/tr>\n<tr>\n<td style=\"width: 57px; border-color: #000000;\">2015<\/td>\n<td style=\"width: 104px; border-color: #000000; text-align: center;\">1463<\/td>\n<td style=\"width: 104px; border-color: #000000; text-align: center;\">261<\/td>\n<td style=\"width: 135.2px; border-color: #000000; text-align: center;\">978<\/td>\n<\/tr>\n<tr>\n<td style=\"width: 57px; border-color: #000000;\">2016<\/td>\n<td style=\"width: 104px; border-color: #000000; text-align: center;\">1531<\/td>\n<td style=\"width: 104px; border-color: #000000; text-align: center;\">259<\/td>\n<td style=\"width: 135.2px; border-color: #000000; text-align: center;\">1010<\/td>\n<\/tr>\n<\/tbody>\n<\/table>\n<p>&nbsp;<\/p>\n<table style=\"height: 59px; width: 561.517px;\">\n<tbody>\n<tr>\n<td style=\"width: 128px; border-color: #000000;\"><strong>*Brandeins\u00e4tze<\/strong><\/td>\n<td style=\"width: 123px; border-color: #000000;\">Entstehungsbr\u00e4nde<\/td>\n<td style=\"width: 89px; border-color: #000000;\">Kleinbr\u00e4nde<\/td>\n<td style=\"width: 95px; border-color: #000000;\">Mittelbr\u00e4nde<\/td>\n<td style=\"width: 87.5167px; border-color: #000000;\">Gro\u00dfbr\u00e4nde<\/td>\n<\/tr>\n<tr>\n<td style=\"width: 128px; border-color: #000000;\">2016<\/td>\n<td style=\"width: 123px; border-color: #000000; text-align: center;\">46<\/td>\n<td style=\"width: 89px; border-color: #000000; text-align: center;\">138<\/td>\n<td style=\"width: 95px; border-color: #000000; text-align: center;\">62<\/td>\n<td style=\"width: 87.5167px; border-color: #000000; text-align: center;\">13<\/td>\n<\/tr>\n<\/tbody>\n<\/table>\n<p>&nbsp;<\/p>\n<table style=\"height: 127px; width: 183.217px;\">\n<tbody>\n<tr>\n<td style=\"width: 32px; border-color: #000000;\">Jahr<\/td>\n<td style=\"width: 63.2167px; border-color: #000000; text-align: center;\"><strong>Fehlalarme*<\/strong><\/td>\n<\/tr>\n<tr>\n<td style=\"width: 32px; border-color: #000000;\">2014<\/td>\n<td style=\"width: 63.2167px; border-color: #000000; text-align: center;\">174<\/td>\n<\/tr>\n<tr>\n<td style=\"width: 32px; border-color: #000000;\">2015<\/td>\n<td style=\"width: 63.2167px; border-color: #000000; text-align: center;\">254<\/td>\n<\/tr>\n<tr>\n<td style=\"width: 32px; border-color: #000000;\">2016<\/td>\n<td style=\"width: 63.2167px; border-color: #000000; text-align: center;\">262<\/td>\n<\/tr>\n<\/tbody>\n<\/table>\n<p><strong>*Fehlalarme:<\/strong> B\u00f6swillige Alarme, Brandmeldeanlagen, sonstige Fehlalarme.<\/p>\n<p>Dabei sind mir zwei Gro\u00dfbr\u00e4nde in besonderer Erinnerung geblieben: <br \/>\n Der Brand am 28.03.2016 bei der Firma Wiesenhof in Lohne und der Brand des Altenwohnheims in Bakum. <br \/>\n In den 1010 Hilfeleistungseins\u00e4tzen spiegelt sich die ganze Bandbreite der Feuerwehrarbeit wieder. <br \/>\n Hierbei sind die Unfallrettungs- und Bergungseins\u00e4tze auf den Stra\u00dfen, und den Bahnstrecken f\u00fcr die Feuerwehrkameraden besonders belastend.<\/p>\n<p>\n <strong><span style=\"text-decoration: underline;\">Auflistung der Mitglieder- und Altersstruktur:<\/span><\/strong><\/p>\n<table style=\"height: 79px; width: 445px;\">\n<tbody>\n<tr>\n<td style=\"width: 55px; border-color: #000000;\">Jahr<\/td>\n<td style=\"width: 107px; border-color: #000000; text-align: center;\">Mitglieder<\/td>\n<td style=\"width: 135px; border-color: #000000; text-align: center;\"><strong>Gesamt Aktive*<\/strong><\/td>\n<td style=\"width: 114px; border-color: #000000; text-align: center;\">Weibliche<\/td>\n<\/tr>\n<tr>\n<td style=\"width: 55px; border-color: #000000;\">2015<\/td>\n<td style=\"width: 107px; border-color: #000000; text-align: center;\">1079<\/td>\n<td style=\"width: 135px; border-color: #000000; text-align: center;\">1481<\/td>\n<td style=\"width: 114px; border-color: #000000; text-align: center;\">84<\/td>\n<\/tr>\n<tr>\n<td style=\"width: 55px; border-color: #000000;\">2016<\/td>\n<td style=\"width: 107px; border-color: #000000; text-align: center;\">1112<\/td>\n<td style=\"width: 135px; border-color: #000000; text-align: center;\">1494<\/td>\n<td style=\"width: 114px; border-color: #000000; text-align: center;\">97<\/td>\n<\/tr>\n<\/tbody>\n<\/table>\n<p><strong>*Gesamt Aktive:<\/strong> Jugendfeuerwehr, Aktive Mitglieder, Feuerwehrkapelle V\u00f6rden, Altersabteilung.<\/p>\n<p><strong><span style=\"text-decoration: underline;\">Altersstruktur:<\/span><\/strong><\/p>\n<table style=\"height: 189px; width: 188.767px;\">\n<tbody>\n<tr>\n<td style=\"width: 80px; border-color: #000000;\">Mitglieder<\/td>\n<td style=\"width: 89.7667px; border-color: #000000; text-align: center;\">Jahre<\/td>\n<\/tr>\n<tr>\n<td style=\"width: 80px; border-color: #000000;\">151<\/td>\n<td style=\"width: 89.7667px; border-color: #000000; text-align: center;\">bis 20<\/td>\n<\/tr>\n<tr>\n<td style=\"width: 80px; border-color: #000000;\">255<\/td>\n<td style=\"width: 89.7667px; border-color: #000000; text-align: center;\">bis 27<\/td>\n<\/tr>\n<tr>\n<td style=\"width: 80px; border-color: #000000;\">335<\/td>\n<td style=\"width: 89.7667px; border-color: #000000; text-align: center;\">bis 40<\/td>\n<\/tr>\n<tr>\n<td style=\"width: 80px; border-color: #000000;\">178<\/td>\n<td style=\"width: 89.7667px; border-color: #000000; text-align: center;\">bis 50<\/td>\n<\/tr>\n<tr>\n<td style=\"width: 80px; border-color: #000000;\">194<\/td>\n<td style=\"width: 89.7667px; border-color: #000000; text-align: center;\">\u00fcber 50<\/td>\n<\/tr>\n<\/tbody>\n<\/table>\n<p>Ebenfalls erfreuliche Zahlen schreiben unsere 18 Jugendfeuerwehren. Sie sind erfolgreich und das ist sicherlich ein ganz besonderer Verdienst unserer Kreisjugendfeuerwehrwartin Alexandra Runnebohm mit ihrem Team, aber auch aller Jugendfeuerwehrwarte und Betreuer. Ich danke Euch f\u00fcr euren Einsatz.<\/p>\n<p>Auch hat sich die Festlegung bestimmter Alarmstichworte, wie hier MANV bew\u00e4hrt. Die Alarmierung nach Alarmstichworten l\u00f6st einen vorher festgelegten Automatismus aus, so dass sowohl dem Disponenten als auch dem Einsatzleiter vor Ort ein Gro\u00dfteil seiner Arbeit abgenommen wird und er den Kopf frei f\u00fcr wichtige\u201c Vorortentscheidungen\u201c hat. <br \/>\n Trotz der \u00fcber 1500 Eins\u00e4tze, ist es zu erstaunlich wenigen Unf\u00e4llen w\u00e4hrend des Einsatz- und \u00dcbungsdienstes gekommen. Der Feuerwehrunfallkasse mussten neun Unf\u00e4lle gemeldet werden, einer davon war im Jugendfeuerwehrdienst angefallen. Stellvertretend f\u00fcr alle Sicherheitsbeauftragten m\u00f6chte ich mich bei Andr\u00e9 Schlotmann bedanken.<\/p>\n<p>Bei Andreas Sieverding und seinen Kameraden vom Gefahrgutzug m\u00f6chte ich mich ebenfalls recht herzlich bedanken. Eure Bereitschaft, neben dem normalen Dienst in den Ortsfeuerwehren, den Gefahrgutzug aufrechtzuerhalten, euch st\u00e4ndig aus- und weiterzubilden, verdient Respekt und Anerkennung. Der Gefahrgutzug musste in 2016 mehrfach ausr\u00fccken. So z.B. zu einem Ammoniakaustritt bei dem Gefl\u00fcgel verarbeitenden Betrieb Wiesenhof in Lohne (zwei Tage vor dem Gro\u00dfbrand). Auch Einzelkomponenten, wie der GW- Messtechnik, wurden zur Unterst\u00fctzung der Ortsfeuerwehren angefordert.<\/p>\n<p>Die Kreisfeuerwehrbereitschaft unter der Leitung von Manfred Kathmann und Peter Runnebohm musste 2016 zu keinem Realeinsatz ausr\u00fccken. Daf\u00fcr hatte es die Zweitages\u00fcbung in der Grafschaft Bentheim in sich. Die Bentheimer Kameraden des Landkreises Nordhorn hatten sich auf einem THW \u00dcbungsgel\u00e4nde allerhand Szenarien ausgedacht, die die Bereitschaft forderten. Das \u00dcbungsziel wurde zur Zufriedenheit Aller erreicht. Auch die Mitglieder der Kreisfeuerwehrbereitschaft begr\u00fc\u00dfen solche aufwendigen \u00dcbungen. Hier haben sie die M\u00f6glichkeit ihr K\u00f6nnen unter Beweis zu stellen, bzw. Defizite aufzudecken und abzustellen. Die Mitglieder der Kreisfeuerwehrbereitschaft waren bestens auf mehrt\u00e4gige Eins\u00e4tze, ohne abendliche R\u00fcckkehr vorbereitet und innerhalb k\u00fcrzester Zeit einsatzbereit.<\/p>\n<p>Der Digitalfunk hat sich mittlerweile fest etabliert. Der n\u00e4chste Schritt ist die digitale Alarmierung. Der Aufbau der Infrastruktur ist im vollen Gange. Ziel ist es, bis zum Jahresende zumindest einen Parallelbetrieb bei der Alarmierung durchf\u00fchren zu k\u00f6nnen.<\/p>\n<p>Bei Carsten Lauterfeld m\u00f6chte ich mich ebenfalls bedanken. Er und sein Team von der ELW 2 Besatzung sind bei Gro\u00dfeins\u00e4tzen nicht mehr wegzudenken. Jedem ist klar geworden, dass das hinzuziehen des ELW 2 dem Einsatzleiter den R\u00fccken f\u00fcr seine eigentlichen Aufgaben freih\u00e4lt. Das koordinieren einzelner Einsatzabschnitte ist hier nur ein Teil der ELW 2 Arbeit.<\/p>\n<p>Das gro\u00dfe Interesse an Aus- und Weiterbildung ist ungebrochen. Das zeigt die Teilnahme von 219 Kameradinnen und Kameraden an Lehrg\u00e4ngen im Jahre 2016 an der FTZ Vechta. Anfragen anderer Organisationen, oder Firmen, ob deren Mitglieder, oder Mitarbeiter insbesondere an Atemschutzger\u00e4tetr\u00e4ger Lehrg\u00e4ngen, oder an der Sprechfunkerausbildung teilnehmen k\u00f6nnen, m\u00fcssen regelm\u00e4\u00dfig abgesagt werden. Des Weiteren lie\u00dfen sich noch einmal 63 Kameradinnen und Kameraden an der NABK Loy und Celle aus-und fortbilden. Angefordert waren 142. Zugeteilt wurden 77. Das ist eine Zuteilungsquote von etwa 55% gegen\u00fcber 39.51% in 2015. <br \/>\n Diese Bereitschaft, die Freizeit f\u00fcr die Ausbildung zu Gunsten der Feuerwehr zu opfern ist nicht selbstverst\u00e4ndlich. Daf\u00fcr meinen ganz herzlichen Dank. <br \/>\n Bedanken m\u00f6chte ich mich bei Alfred Dinkelmann als KAL und allen Kreisausbildern f\u00fcr ihre Bereitschaft, ihre Freizeit in die Ausbildung junger Feuerwehrmitglieder zu investieren<\/p>\n<p>Bei unseren Fachberatern Medizin, Henning Meyer und Ludger Baumann darf ich mich ganz herzlich bedanken. Es ist beruhigend zu wissen, dass Jemand im Hintergrund ist, auf den man zur\u00fcckgreifen kann. <br \/>\n Das gleiche gilt f\u00fcr unseren Fachberater Seelsorge, Pr\u00e4lat Peter Kossen, der uns zum Jahresende verlassen hat. Diese Funktion ist zurzeit leider unbesetzt.<\/p>\n<p>Aktiv, wie immer, stellt sich die Abteilung der ehemaligen F\u00fchrungskr\u00e4fte des Landkreises Vechta unter dem Vorsitz von Ludwig Tombr\u00e4gel dar. In regelm\u00e4\u00dfigen Abst\u00e4nden treffen sich mittlerweile weit \u00fcber 40 ehemalige F\u00fchrungskr\u00e4fte zu Ausfl\u00fcgen oder Besichtigungen.<\/p>\n<p>Seit dem 12.12.2012 gibt es das Nieders\u00e4chsische Brandschutzgesetz in seiner jetzigen Fassung. Vor der damaligen Ver\u00f6ffentlichung war das Thema Altersgrenze ein wichtiger Diskussionspunkt. <br \/>\n Auf dem Landesfeuerwehrverbandstag 2011 wurde sich f\u00fcr eine Altersgrenze mit 63 Jahren ausgesprochen, obwohl im Verbandsbereich des Oldenburgischen Feuerwehrverbandes alle Mitglieder die Altersgrenze 62 favorisierten und das bis heute tun. In Vorbereitung eines neuen Brandschutzgesetzes, das noch in 2017 in Kraft treten soll, wurde wieder die Altersgrenze zur Diskussion gestellt. Diesmal sollte die Altersgrenze auf 67 Jahre angehoben werden. Einer der Gr\u00fcnde f\u00fcr dieses Vorhaben ist der Mitgliederschwund in einigen Teilen Niedersachsens. Was bringt eine Aufstockung der Altersgrenze? Wir gewinnen dadurch keinen einzigen Feuerwehrmann, bzw. \u2013frau. Wir verschieben das Problem nur um vier Jahre nach hinten, um dann festzustellen, dass uns immer noch Feuerwehrleute fehlen. Man begibt sich in eine gef\u00e4hrliche Scheinsicherheit. <br \/>\n Was n\u00fctzen bei einem Brandeinsatz vollbesetzte Feuerwehrfahrzeuge mit Kameraden \u00fcber sechzig, und keiner ist mehr atemschutztauglich. <br \/>\n Im Fr\u00fchjahr 2017 hatten alle Kreisfeuerwehrverb\u00e4nde die Gelegenheit zu den geplanten \u00c4nderungen im Brandschutzgesetz Stellung zu nehmen. Alle neun Mitgliedsverb\u00e4nde waren sich einig an der jetzigen Altersgrenze von 63 Jahren festzuhalten. <br \/>\n Ein weiterer Punkt ist die vollwertige doppelte Mitgliedschaft. Die Feuerwehrmitglieder beklagen die Situation, dass es immer schwieriger wird, vom Arbeitgeber freigestellt zu werden. Mit der doppelten Mitgliedschaft besteht die M\u00f6glichkeit gleich zwei Feuerwehren anzugeh\u00f6ren, und die \u201eGefahr\u201c w\u00e4hrend der Arbeitszeit alarmiert zu werden verdoppelt sich<\/p>\n<p>An den Verbandstagen sowohl auf OFV-, als auch LFV Ebene hat der Kreisfeuerwehrverband mit seinen Delegierten teilgenommen.<\/p>\n<p>Positiv kann ich aus unseren St\u00e4dten und Gemeinden berichten, dass weiterhin in notwendige Fahrzeuge, Einrichtungen und Ger\u00e4tschaften investiert wird. <br \/>\n In der Gemeinde Bakum werden z.B. f\u00fcr beide Ortsfeuerwehren HLF 20 beschafft. <br \/>\n Die Gemeinde Steinfeld steht kurz vor der Auftragsvergabe f\u00fcr ein neues HLF 20. <br \/>\n Die Drehleiter des Landkreises Vechta, Standort Damme wurde w\u00e4hrend des Pfingstzeltlagers 2016 in Damme eingeweiht. <br \/>\n Der Spatenstich f\u00fcr den Neubau des Feuerwehrhauses Vechta ist erfolgt. <br \/>\n Die Stadt Lohne ist mit Hochdruck auf der Suche nach einem geeigneten Grundst\u00fcck f\u00fcr einen Feuerwehrhausneubau in Brockdorf. <br \/>\n Die Ausschreibung f\u00fcr ein neues Wechseladerfahrzeug des Landkreises wird gerade durch die KWL vorbereitet. <br \/>\n F\u00fcr diese und alle weiteren Investitionen in die Sicherheit ihrer Einwohner m\u00f6chte ich mich bei den St\u00e4dten und Gemeinden, aber auch beim Landkreis Vechta sehr herzlich bedanken.<\/p>\n<p>Am 07.05.2016 fand die Vertreterversammlung des Oldenburgischen Feuerwehrverbandes im Landkreis Vechta, in Dinklage statt. F\u00fcr die Ausrichtung und Durchf\u00fchrung darf ich mich noch einmal ganz herzlich bei Stadtbrandmeister Alfred Dinkelmann und den Kameraden der Feuerwehr Dinklage bedanken.<\/p>\n<p>Ebenso bedanken m\u00f6chte ich mich bei den Kameraden der Feuerwehr Damme unter der Leitung von Udo Schwarz f\u00fcr die Ausrichtung des Kreisfeuerwehrfestes 2016, welches am 24. und 25.09.2016 in Verbindung mit der 125-Jahrfeier der Feuerwehr Damme stattfand. <br \/>\n Zum Schluss m\u00f6chte ich noch auf die Vertreterversammlung des Oldenburgischen Feuerwehrverbandes am 13.05.2017 hinweisen. Sie findet in diesem Jahr in Oldenburg im Alten Landtag statt. <br \/>\n Der Landesfeuerwehrverbandstag findet am 20.05.2016 in Braunschweig statt. <br \/>\n Der Kreisleistungswettbewerb findet am 17.06.2017 in Fladderlohausen satt.<\/p>\n<p>Ehrungen\/Bef\u00f6rderung:<\/p>\n<p>Aufstellung v.l. LM Markus Fiswick, BM Torsten Adam, BM Willibald Gellhaus, BM Jochen Spille, B\u00fcrgermeisterin Manuele Honkomp, HBM Volker Adam, HBM Ralf B\u00fcrger, BM Andreas Varnhorn, stv. KBM Abschnittsleiter Udo Schwarz, EHBM Manfred Kathmann, OBM Stefan Sieverding, HBM Ullrich Rolfsen, KBM Matthias Trumme, EHBM Peter Sparkuhl, EHBM Franz-Josef Theilen.<br \/>\nEhrungen:<br \/>\nEhrennadel in Gold des OFV: B\u00fcrgermeisterin Manuele Honkomp;<br \/>\nEhrennadel in Bronze des LFV: HBM Volker Adam, HBM Ulrich Rolfsen;<br \/>\nVerdienstmedaille in Silber des OFV: OBM Stefan Sieverding, BM Jochen Spille, BM Willibald Gellhaus;<\/p>\n<p>Bef\u00f6rderungen:<br \/>\nEHLM Torsten Adam zum BM;<br \/>\nErnennungen:<br \/>\nEHBM Manfred Kathmann zum Kreisbereitschaftsf\u00fchrer, HBM Ralf B\u00fcrger zum Zugf\u00fchrer 3. Zug Kreisfeuerwehrbereitschaft, BM Andreas Varnhorn zum stv. Zugf\u00fchrer 4. Zug Kreisfeuerwehrbereitschaft<br \/>\nLM Markus Fiswick zum Kreisjugendfeuerwehrwart;<\/p>\n<p>&nbsp;<\/p>\n<p><!-- default-view.php -->\n<div\n\tclass=\"ngg-galleryoverview default-view\n\t ngg-ajax-pagination-none\t\"\n\tid=\"ngg-gallery-21a48b84f25347e5c724677c3dd74080-1\"\n\tdata-gallery-id=\"86\">\n\n\t\t<!-- Thumbnails -->\n\t\t\t\t<div id=\"ngg-image-0\" class=\"ngg-gallery-thumbnail-box\n\t\t\t\t\t\t\t\t\t\t\t\"\n\t\t\t>\n\t\t\t\t\t\t<div class=\"ngg-gallery-thumbnail\">\n\t\t\t<a href=\"https:\/\/www.kreisfeuerwehrverband-vechta.de\/wp_KFV_2016\/wp-content\/gallery\/kfv_2017_\/KFV_2017_001.jpg\"\n\t\t\t\ttitle=\"\"\n\t\t\t\tdata-src=\"https:\/\/www.kreisfeuerwehrverband-vechta.de\/wp_KFV_2016\/wp-content\/gallery\/kfv_2017_\/KFV_2017_001.jpg\"\n\t\t\t\tdata-thumbnail=\"https:\/\/www.kreisfeuerwehrverband-vechta.de\/wp_KFV_2016\/wp-content\/gallery\/kfv_2017_\/thumbs\/thumbs_KFV_2017_001.jpg\"\n\t\t\t\tdata-image-id=\"1107\"\n\t\t\t\tdata-title=\"KFV_2017_001\"\n\t\t\t\tdata-description=\"\"\n\t\t\t\tdata-image-slug=\"kfv_2017_001\"\n\t\t\t\t\t\t\t\t\t\t\t\t\t\t\t\t\t\t\t\tclass=\"ngg-fancybox\" rel=\"21a48b84f25347e5c724677c3dd74080\">\n\t\t\t\t\t\t\t\t<img\n\t\t\t\t\ttitle=\"KFV_2017_001\"\n\t\t\t\t\talt=\"KFV_2017_001\"\n\t\t\t\t\tsrc=\"https:\/\/www.kreisfeuerwehrverband-vechta.de\/wp_KFV_2016\/wp-content\/gallery\/kfv_2017_\/thumbs\/thumbs_KFV_2017_001.jpg\"\n\t\t\t\t\twidth=\"240\"\n\t\t\t\t\theight=\"160\"\n\t\t\t\t\tstyle=\"max-width:100%;\"\n\t\t\t\t\/>\n\t\t\t<\/a>\n\t\t<\/div>\n\t\t\t\t\t\t\t<\/div>\n\t\t\t\n\t\t\t\t<div id=\"ngg-image-1\" class=\"ngg-gallery-thumbnail-box\n\t\t\t\t\t\t\t\t\t\t\t\"\n\t\t\t>\n\t\t\t\t\t\t<div class=\"ngg-gallery-thumbnail\">\n\t\t\t<a href=\"https:\/\/www.kreisfeuerwehrverband-vechta.de\/wp_KFV_2016\/wp-content\/gallery\/kfv_2017_\/KFV_2017_002.jpg\"\n\t\t\t\ttitle=\"\"\n\t\t\t\tdata-src=\"https:\/\/www.kreisfeuerwehrverband-vechta.de\/wp_KFV_2016\/wp-content\/gallery\/kfv_2017_\/KFV_2017_002.jpg\"\n\t\t\t\tdata-thumbnail=\"https:\/\/www.kreisfeuerwehrverband-vechta.de\/wp_KFV_2016\/wp-content\/gallery\/kfv_2017_\/thumbs\/thumbs_KFV_2017_002.jpg\"\n\t\t\t\tdata-image-id=\"1108\"\n\t\t\t\tdata-title=\"KFV_2017_002\"\n\t\t\t\tdata-description=\"\"\n\t\t\t\tdata-image-slug=\"kfv_2017_002\"\n\t\t\t\t\t\t\t\t\t\t\t\t\t\t\t\t\t\t\t\tclass=\"ngg-fancybox\" rel=\"21a48b84f25347e5c724677c3dd74080\">\n\t\t\t\t\t\t\t\t<img\n\t\t\t\t\ttitle=\"KFV_2017_002\"\n\t\t\t\t\talt=\"KFV_2017_002\"\n\t\t\t\t\tsrc=\"https:\/\/www.kreisfeuerwehrverband-vechta.de\/wp_KFV_2016\/wp-content\/gallery\/kfv_2017_\/thumbs\/thumbs_KFV_2017_002.jpg\"\n\t\t\t\t\twidth=\"240\"\n\t\t\t\t\theight=\"160\"\n\t\t\t\t\tstyle=\"max-width:100%;\"\n\t\t\t\t\/>\n\t\t\t<\/a>\n\t\t<\/div>\n\t\t\t\t\t\t\t<\/div>\n\t\t\t\n\t\t\t\t<div id=\"ngg-image-2\" class=\"ngg-gallery-thumbnail-box\n\t\t\t\t\t\t\t\t\t\t\t\"\n\t\t\t>\n\t\t\t\t\t\t<div class=\"ngg-gallery-thumbnail\">\n\t\t\t<a href=\"https:\/\/www.kreisfeuerwehrverband-vechta.de\/wp_KFV_2016\/wp-content\/gallery\/kfv_2017_\/KFV_2017_003.jpg\"\n\t\t\t\ttitle=\"\"\n\t\t\t\tdata-src=\"https:\/\/www.kreisfeuerwehrverband-vechta.de\/wp_KFV_2016\/wp-content\/gallery\/kfv_2017_\/KFV_2017_003.jpg\"\n\t\t\t\tdata-thumbnail=\"https:\/\/www.kreisfeuerwehrverband-vechta.de\/wp_KFV_2016\/wp-content\/gallery\/kfv_2017_\/thumbs\/thumbs_KFV_2017_003.jpg\"\n\t\t\t\tdata-image-id=\"1109\"\n\t\t\t\tdata-title=\"KFV_2017_003\"\n\t\t\t\tdata-description=\"\"\n\t\t\t\tdata-image-slug=\"kfv_2017_003\"\n\t\t\t\t\t\t\t\t\t\t\t\t\t\t\t\t\t\t\t\tclass=\"ngg-fancybox\" rel=\"21a48b84f25347e5c724677c3dd74080\">\n\t\t\t\t\t\t\t\t<img\n\t\t\t\t\ttitle=\"KFV_2017_003\"\n\t\t\t\t\talt=\"KFV_2017_003\"\n\t\t\t\t\tsrc=\"https:\/\/www.kreisfeuerwehrverband-vechta.de\/wp_KFV_2016\/wp-content\/gallery\/kfv_2017_\/thumbs\/thumbs_KFV_2017_003.jpg\"\n\t\t\t\t\twidth=\"240\"\n\t\t\t\t\theight=\"160\"\n\t\t\t\t\tstyle=\"max-width:100%;\"\n\t\t\t\t\/>\n\t\t\t<\/a>\n\t\t<\/div>\n\t\t\t\t\t\t\t<\/div>\n\t\t\t\n\t\t\t\t<div id=\"ngg-image-3\" class=\"ngg-gallery-thumbnail-box\n\t\t\t\t\t\t\t\t\t\t\t\"\n\t\t\t>\n\t\t\t\t\t\t<div class=\"ngg-gallery-thumbnail\">\n\t\t\t<a href=\"https:\/\/www.kreisfeuerwehrverband-vechta.de\/wp_KFV_2016\/wp-content\/gallery\/kfv_2017_\/KFV_2017_004.jpg\"\n\t\t\t\ttitle=\"\"\n\t\t\t\tdata-src=\"https:\/\/www.kreisfeuerwehrverband-vechta.de\/wp_KFV_2016\/wp-content\/gallery\/kfv_2017_\/KFV_2017_004.jpg\"\n\t\t\t\tdata-thumbnail=\"https:\/\/www.kreisfeuerwehrverband-vechta.de\/wp_KFV_2016\/wp-content\/gallery\/kfv_2017_\/thumbs\/thumbs_KFV_2017_004.jpg\"\n\t\t\t\tdata-image-id=\"1110\"\n\t\t\t\tdata-title=\"KFV_2017_004\"\n\t\t\t\tdata-description=\"\"\n\t\t\t\tdata-image-slug=\"kfv_2017_004\"\n\t\t\t\t\t\t\t\t\t\t\t\t\t\t\t\t\t\t\t\tclass=\"ngg-fancybox\" rel=\"21a48b84f25347e5c724677c3dd74080\">\n\t\t\t\t\t\t\t\t<img\n\t\t\t\t\ttitle=\"KFV_2017_004\"\n\t\t\t\t\talt=\"KFV_2017_004\"\n\t\t\t\t\tsrc=\"https:\/\/www.kreisfeuerwehrverband-vechta.de\/wp_KFV_2016\/wp-content\/gallery\/kfv_2017_\/thumbs\/thumbs_KFV_2017_004.jpg\"\n\t\t\t\t\twidth=\"240\"\n\t\t\t\t\theight=\"160\"\n\t\t\t\t\tstyle=\"max-width:100%;\"\n\t\t\t\t\/>\n\t\t\t<\/a>\n\t\t<\/div>\n\t\t\t\t\t\t\t<\/div>\n\t\t\t\n\t\t\t\t<div id=\"ngg-image-4\" class=\"ngg-gallery-thumbnail-box\n\t\t\t\t\t\t\t\t\t\t\t\"\n\t\t\t>\n\t\t\t\t\t\t<div class=\"ngg-gallery-thumbnail\">\n\t\t\t<a href=\"https:\/\/www.kreisfeuerwehrverband-vechta.de\/wp_KFV_2016\/wp-content\/gallery\/kfv_2017_\/KFV_2017_005.jpg\"\n\t\t\t\ttitle=\"\"\n\t\t\t\tdata-src=\"https:\/\/www.kreisfeuerwehrverband-vechta.de\/wp_KFV_2016\/wp-content\/gallery\/kfv_2017_\/KFV_2017_005.jpg\"\n\t\t\t\tdata-thumbnail=\"https:\/\/www.kreisfeuerwehrverband-vechta.de\/wp_KFV_2016\/wp-content\/gallery\/kfv_2017_\/thumbs\/thumbs_KFV_2017_005.jpg\"\n\t\t\t\tdata-image-id=\"1111\"\n\t\t\t\tdata-title=\"KFV_2017_005\"\n\t\t\t\tdata-description=\"\"\n\t\t\t\tdata-image-slug=\"kfv_2017_005\"\n\t\t\t\t\t\t\t\t\t\t\t\t\t\t\t\t\t\t\t\tclass=\"ngg-fancybox\" rel=\"21a48b84f25347e5c724677c3dd74080\">\n\t\t\t\t\t\t\t\t<img\n\t\t\t\t\ttitle=\"KFV_2017_005\"\n\t\t\t\t\talt=\"KFV_2017_005\"\n\t\t\t\t\tsrc=\"https:\/\/www.kreisfeuerwehrverband-vechta.de\/wp_KFV_2016\/wp-content\/gallery\/kfv_2017_\/thumbs\/thumbs_KFV_2017_005.jpg\"\n\t\t\t\t\twidth=\"240\"\n\t\t\t\t\theight=\"160\"\n\t\t\t\t\tstyle=\"max-width:100%;\"\n\t\t\t\t\/>\n\t\t\t<\/a>\n\t\t<\/div>\n\t\t\t\t\t\t\t<\/div>\n\t\t\t\n\t\t\t\t<div id=\"ngg-image-5\" class=\"ngg-gallery-thumbnail-box\n\t\t\t\t\t\t\t\t\t\t\t\"\n\t\t\t>\n\t\t\t\t\t\t<div class=\"ngg-gallery-thumbnail\">\n\t\t\t<a href=\"https:\/\/www.kreisfeuerwehrverband-vechta.de\/wp_KFV_2016\/wp-content\/gallery\/kfv_2017_\/KFV_2017_006.jpg\"\n\t\t\t\ttitle=\"\"\n\t\t\t\tdata-src=\"https:\/\/www.kreisfeuerwehrverband-vechta.de\/wp_KFV_2016\/wp-content\/gallery\/kfv_2017_\/KFV_2017_006.jpg\"\n\t\t\t\tdata-thumbnail=\"https:\/\/www.kreisfeuerwehrverband-vechta.de\/wp_KFV_2016\/wp-content\/gallery\/kfv_2017_\/thumbs\/thumbs_KFV_2017_006.jpg\"\n\t\t\t\tdata-image-id=\"1112\"\n\t\t\t\tdata-title=\"KFV_2017_006\"\n\t\t\t\tdata-description=\"\"\n\t\t\t\tdata-image-slug=\"kfv_2017_006\"\n\t\t\t\t\t\t\t\t\t\t\t\t\t\t\t\t\t\t\t\tclass=\"ngg-fancybox\" rel=\"21a48b84f25347e5c724677c3dd74080\">\n\t\t\t\t\t\t\t\t<img\n\t\t\t\t\ttitle=\"KFV_2017_006\"\n\t\t\t\t\talt=\"KFV_2017_006\"\n\t\t\t\t\tsrc=\"https:\/\/www.kreisfeuerwehrverband-vechta.de\/wp_KFV_2016\/wp-content\/gallery\/kfv_2017_\/thumbs\/thumbs_KFV_2017_006.jpg\"\n\t\t\t\t\twidth=\"240\"\n\t\t\t\t\theight=\"160\"\n\t\t\t\t\tstyle=\"max-width:100%;\"\n\t\t\t\t\/>\n\t\t\t<\/a>\n\t\t<\/div>\n\t\t\t\t\t\t\t<\/div>\n\t\t\t\n\t\t\t\t<div id=\"ngg-image-6\" class=\"ngg-gallery-thumbnail-box\n\t\t\t\t\t\t\t\t\t\t\t\"\n\t\t\t>\n\t\t\t\t\t\t<div class=\"ngg-gallery-thumbnail\">\n\t\t\t<a href=\"https:\/\/www.kreisfeuerwehrverband-vechta.de\/wp_KFV_2016\/wp-content\/gallery\/kfv_2017_\/KFV_2017_007.jpg\"\n\t\t\t\ttitle=\"\"\n\t\t\t\tdata-src=\"https:\/\/www.kreisfeuerwehrverband-vechta.de\/wp_KFV_2016\/wp-content\/gallery\/kfv_2017_\/KFV_2017_007.jpg\"\n\t\t\t\tdata-thumbnail=\"https:\/\/www.kreisfeuerwehrverband-vechta.de\/wp_KFV_2016\/wp-content\/gallery\/kfv_2017_\/thumbs\/thumbs_KFV_2017_007.jpg\"\n\t\t\t\tdata-image-id=\"1113\"\n\t\t\t\tdata-title=\"KFV_2017_007\"\n\t\t\t\tdata-description=\"\"\n\t\t\t\tdata-image-slug=\"kfv_2017_007\"\n\t\t\t\t\t\t\t\t\t\t\t\t\t\t\t\t\t\t\t\tclass=\"ngg-fancybox\" rel=\"21a48b84f25347e5c724677c3dd74080\">\n\t\t\t\t\t\t\t\t<img\n\t\t\t\t\ttitle=\"KFV_2017_007\"\n\t\t\t\t\talt=\"KFV_2017_007\"\n\t\t\t\t\tsrc=\"https:\/\/www.kreisfeuerwehrverband-vechta.de\/wp_KFV_2016\/wp-content\/gallery\/kfv_2017_\/thumbs\/thumbs_KFV_2017_007.jpg\"\n\t\t\t\t\twidth=\"240\"\n\t\t\t\t\theight=\"160\"\n\t\t\t\t\tstyle=\"max-width:100%;\"\n\t\t\t\t\/>\n\t\t\t<\/a>\n\t\t<\/div>\n\t\t\t\t\t\t\t<\/div>\n\t\t\t\n\t\t\t\t<div id=\"ngg-image-7\" class=\"ngg-gallery-thumbnail-box\n\t\t\t\t\t\t\t\t\t\t\t\"\n\t\t\t>\n\t\t\t\t\t\t<div class=\"ngg-gallery-thumbnail\">\n\t\t\t<a href=\"https:\/\/www.kreisfeuerwehrverband-vechta.de\/wp_KFV_2016\/wp-content\/gallery\/kfv_2017_\/KFV_2017_008.jpg\"\n\t\t\t\ttitle=\"\"\n\t\t\t\tdata-src=\"https:\/\/www.kreisfeuerwehrverband-vechta.de\/wp_KFV_2016\/wp-content\/gallery\/kfv_2017_\/KFV_2017_008.jpg\"\n\t\t\t\tdata-thumbnail=\"https:\/\/www.kreisfeuerwehrverband-vechta.de\/wp_KFV_2016\/wp-content\/gallery\/kfv_2017_\/thumbs\/thumbs_KFV_2017_008.jpg\"\n\t\t\t\tdata-image-id=\"1114\"\n\t\t\t\tdata-title=\"KFV_2017_008\"\n\t\t\t\tdata-description=\"\"\n\t\t\t\tdata-image-slug=\"kfv_2017_008\"\n\t\t\t\t\t\t\t\t\t\t\t\t\t\t\t\t\t\t\t\tclass=\"ngg-fancybox\" rel=\"21a48b84f25347e5c724677c3dd74080\">\n\t\t\t\t\t\t\t\t<img\n\t\t\t\t\ttitle=\"KFV_2017_008\"\n\t\t\t\t\talt=\"KFV_2017_008\"\n\t\t\t\t\tsrc=\"https:\/\/www.kreisfeuerwehrverband-vechta.de\/wp_KFV_2016\/wp-content\/gallery\/kfv_2017_\/thumbs\/thumbs_KFV_2017_008.jpg\"\n\t\t\t\t\twidth=\"240\"\n\t\t\t\t\theight=\"160\"\n\t\t\t\t\tstyle=\"max-width:100%;\"\n\t\t\t\t\/>\n\t\t\t<\/a>\n\t\t<\/div>\n\t\t\t\t\t\t\t<\/div>\n\t\t\t\n\t\t\t\t<div id=\"ngg-image-8\" class=\"ngg-gallery-thumbnail-box\n\t\t\t\t\t\t\t\t\t\t\t\"\n\t\t\t>\n\t\t\t\t\t\t<div class=\"ngg-gallery-thumbnail\">\n\t\t\t<a href=\"https:\/\/www.kreisfeuerwehrverband-vechta.de\/wp_KFV_2016\/wp-content\/gallery\/kfv_2017_\/KFV_2017_009.jpg\"\n\t\t\t\ttitle=\"\"\n\t\t\t\tdata-src=\"https:\/\/www.kreisfeuerwehrverband-vechta.de\/wp_KFV_2016\/wp-content\/gallery\/kfv_2017_\/KFV_2017_009.jpg\"\n\t\t\t\tdata-thumbnail=\"https:\/\/www.kreisfeuerwehrverband-vechta.de\/wp_KFV_2016\/wp-content\/gallery\/kfv_2017_\/thumbs\/thumbs_KFV_2017_009.jpg\"\n\t\t\t\tdata-image-id=\"1115\"\n\t\t\t\tdata-title=\"KFV_2017_009\"\n\t\t\t\tdata-description=\"\"\n\t\t\t\tdata-image-slug=\"kfv_2017_009\"\n\t\t\t\t\t\t\t\t\t\t\t\t\t\t\t\t\t\t\t\tclass=\"ngg-fancybox\" rel=\"21a48b84f25347e5c724677c3dd74080\">\n\t\t\t\t\t\t\t\t<img\n\t\t\t\t\ttitle=\"KFV_2017_009\"\n\t\t\t\t\talt=\"KFV_2017_009\"\n\t\t\t\t\tsrc=\"https:\/\/www.kreisfeuerwehrverband-vechta.de\/wp_KFV_2016\/wp-content\/gallery\/kfv_2017_\/thumbs\/thumbs_KFV_2017_009.jpg\"\n\t\t\t\t\twidth=\"240\"\n\t\t\t\t\theight=\"160\"\n\t\t\t\t\tstyle=\"max-width:100%;\"\n\t\t\t\t\/>\n\t\t\t<\/a>\n\t\t<\/div>\n\t\t\t\t\t\t\t<\/div>\n\t\t\t\n\t\t\t\t<div id=\"ngg-image-9\" class=\"ngg-gallery-thumbnail-box\n\t\t\t\t\t\t\t\t\t\t\t\"\n\t\t\t>\n\t\t\t\t\t\t<div class=\"ngg-gallery-thumbnail\">\n\t\t\t<a href=\"https:\/\/www.kreisfeuerwehrverband-vechta.de\/wp_KFV_2016\/wp-content\/gallery\/kfv_2017_\/KFV_2017_010.jpg\"\n\t\t\t\ttitle=\"\"\n\t\t\t\tdata-src=\"https:\/\/www.kreisfeuerwehrverband-vechta.de\/wp_KFV_2016\/wp-content\/gallery\/kfv_2017_\/KFV_2017_010.jpg\"\n\t\t\t\tdata-thumbnail=\"https:\/\/www.kreisfeuerwehrverband-vechta.de\/wp_KFV_2016\/wp-content\/gallery\/kfv_2017_\/thumbs\/thumbs_KFV_2017_010.jpg\"\n\t\t\t\tdata-image-id=\"1116\"\n\t\t\t\tdata-title=\"KFV_2017_010\"\n\t\t\t\tdata-description=\"\"\n\t\t\t\tdata-image-slug=\"kfv_2017_010\"\n\t\t\t\t\t\t\t\t\t\t\t\t\t\t\t\t\t\t\t\tclass=\"ngg-fancybox\" rel=\"21a48b84f25347e5c724677c3dd74080\">\n\t\t\t\t\t\t\t\t<img\n\t\t\t\t\ttitle=\"KFV_2017_010\"\n\t\t\t\t\talt=\"KFV_2017_010\"\n\t\t\t\t\tsrc=\"https:\/\/www.kreisfeuerwehrverband-vechta.de\/wp_KFV_2016\/wp-content\/gallery\/kfv_2017_\/thumbs\/thumbs_KFV_2017_010.jpg\"\n\t\t\t\t\twidth=\"240\"\n\t\t\t\t\theight=\"160\"\n\t\t\t\t\tstyle=\"max-width:100%;\"\n\t\t\t\t\/>\n\t\t\t<\/a>\n\t\t<\/div>\n\t\t\t\t\t\t\t<\/div>\n\t\t\t\n\t\t\t\t<div id=\"ngg-image-10\" class=\"ngg-gallery-thumbnail-box\n\t\t\t\t\t\t\t\t\t\t\t\"\n\t\t\t>\n\t\t\t\t\t\t<div class=\"ngg-gallery-thumbnail\">\n\t\t\t<a href=\"https:\/\/www.kreisfeuerwehrverband-vechta.de\/wp_KFV_2016\/wp-content\/gallery\/kfv_2017_\/KFV_2017_011.jpg\"\n\t\t\t\ttitle=\"\"\n\t\t\t\tdata-src=\"https:\/\/www.kreisfeuerwehrverband-vechta.de\/wp_KFV_2016\/wp-content\/gallery\/kfv_2017_\/KFV_2017_011.jpg\"\n\t\t\t\tdata-thumbnail=\"https:\/\/www.kreisfeuerwehrverband-vechta.de\/wp_KFV_2016\/wp-content\/gallery\/kfv_2017_\/thumbs\/thumbs_KFV_2017_011.jpg\"\n\t\t\t\tdata-image-id=\"1117\"\n\t\t\t\tdata-title=\"KFV_2017_011\"\n\t\t\t\tdata-description=\"\"\n\t\t\t\tdata-image-slug=\"kfv_2017_011\"\n\t\t\t\t\t\t\t\t\t\t\t\t\t\t\t\t\t\t\t\tclass=\"ngg-fancybox\" rel=\"21a48b84f25347e5c724677c3dd74080\">\n\t\t\t\t\t\t\t\t<img\n\t\t\t\t\ttitle=\"KFV_2017_011\"\n\t\t\t\t\talt=\"KFV_2017_011\"\n\t\t\t\t\tsrc=\"https:\/\/www.kreisfeuerwehrverband-vechta.de\/wp_KFV_2016\/wp-content\/gallery\/kfv_2017_\/thumbs\/thumbs_KFV_2017_011.jpg\"\n\t\t\t\t\twidth=\"240\"\n\t\t\t\t\theight=\"160\"\n\t\t\t\t\tstyle=\"max-width:100%;\"\n\t\t\t\t\/>\n\t\t\t<\/a>\n\t\t<\/div>\n\t\t\t\t\t\t\t<\/div>\n\t\t\t\n\t\t\t\t<div id=\"ngg-image-11\" class=\"ngg-gallery-thumbnail-box\n\t\t\t\t\t\t\t\t\t\t\t\"\n\t\t\t>\n\t\t\t\t\t\t<div class=\"ngg-gallery-thumbnail\">\n\t\t\t<a href=\"https:\/\/www.kreisfeuerwehrverband-vechta.de\/wp_KFV_2016\/wp-content\/gallery\/kfv_2017_\/KFV_2017_012.jpg\"\n\t\t\t\ttitle=\"\"\n\t\t\t\tdata-src=\"https:\/\/www.kreisfeuerwehrverband-vechta.de\/wp_KFV_2016\/wp-content\/gallery\/kfv_2017_\/KFV_2017_012.jpg\"\n\t\t\t\tdata-thumbnail=\"https:\/\/www.kreisfeuerwehrverband-vechta.de\/wp_KFV_2016\/wp-content\/gallery\/kfv_2017_\/thumbs\/thumbs_KFV_2017_012.jpg\"\n\t\t\t\tdata-image-id=\"1118\"\n\t\t\t\tdata-title=\"KFV_2017_012\"\n\t\t\t\tdata-description=\"\"\n\t\t\t\tdata-image-slug=\"kfv_2017_012\"\n\t\t\t\t\t\t\t\t\t\t\t\t\t\t\t\t\t\t\t\tclass=\"ngg-fancybox\" rel=\"21a48b84f25347e5c724677c3dd74080\">\n\t\t\t\t\t\t\t\t<img\n\t\t\t\t\ttitle=\"KFV_2017_012\"\n\t\t\t\t\talt=\"KFV_2017_012\"\n\t\t\t\t\tsrc=\"https:\/\/www.kreisfeuerwehrverband-vechta.de\/wp_KFV_2016\/wp-content\/gallery\/kfv_2017_\/thumbs\/thumbs_KFV_2017_012.jpg\"\n\t\t\t\t\twidth=\"240\"\n\t\t\t\t\theight=\"160\"\n\t\t\t\t\tstyle=\"max-width:100%;\"\n\t\t\t\t\/>\n\t\t\t<\/a>\n\t\t<\/div>\n\t\t\t\t\t\t\t<\/div>\n\t\t\t\n\t\t\t\t<div id=\"ngg-image-12\" class=\"ngg-gallery-thumbnail-box\n\t\t\t\t\t\t\t\t\t\t\t\"\n\t\t\t>\n\t\t\t\t\t\t<div class=\"ngg-gallery-thumbnail\">\n\t\t\t<a href=\"https:\/\/www.kreisfeuerwehrverband-vechta.de\/wp_KFV_2016\/wp-content\/gallery\/kfv_2017_\/KFV_2017_013.jpg\"\n\t\t\t\ttitle=\"\"\n\t\t\t\tdata-src=\"https:\/\/www.kreisfeuerwehrverband-vechta.de\/wp_KFV_2016\/wp-content\/gallery\/kfv_2017_\/KFV_2017_013.jpg\"\n\t\t\t\tdata-thumbnail=\"https:\/\/www.kreisfeuerwehrverband-vechta.de\/wp_KFV_2016\/wp-content\/gallery\/kfv_2017_\/thumbs\/thumbs_KFV_2017_013.jpg\"\n\t\t\t\tdata-image-id=\"1119\"\n\t\t\t\tdata-title=\"KFV_2017_013\"\n\t\t\t\tdata-description=\"\"\n\t\t\t\tdata-image-slug=\"kfv_2017_013\"\n\t\t\t\t\t\t\t\t\t\t\t\t\t\t\t\t\t\t\t\tclass=\"ngg-fancybox\" rel=\"21a48b84f25347e5c724677c3dd74080\">\n\t\t\t\t\t\t\t\t<img\n\t\t\t\t\ttitle=\"KFV_2017_013\"\n\t\t\t\t\talt=\"KFV_2017_013\"\n\t\t\t\t\tsrc=\"https:\/\/www.kreisfeuerwehrverband-vechta.de\/wp_KFV_2016\/wp-content\/gallery\/kfv_2017_\/thumbs\/thumbs_KFV_2017_013.jpg\"\n\t\t\t\t\twidth=\"240\"\n\t\t\t\t\theight=\"160\"\n\t\t\t\t\tstyle=\"max-width:100%;\"\n\t\t\t\t\/>\n\t\t\t<\/a>\n\t\t<\/div>\n\t\t\t\t\t\t\t<\/div>\n\t\t\t\n\t\t\t\t<div id=\"ngg-image-13\" class=\"ngg-gallery-thumbnail-box\n\t\t\t\t\t\t\t\t\t\t\t\"\n\t\t\t>\n\t\t\t\t\t\t<div class=\"ngg-gallery-thumbnail\">\n\t\t\t<a href=\"https:\/\/www.kreisfeuerwehrverband-vechta.de\/wp_KFV_2016\/wp-content\/gallery\/kfv_2017_\/KFV_2017_014.jpg\"\n\t\t\t\ttitle=\"\"\n\t\t\t\tdata-src=\"https:\/\/www.kreisfeuerwehrverband-vechta.de\/wp_KFV_2016\/wp-content\/gallery\/kfv_2017_\/KFV_2017_014.jpg\"\n\t\t\t\tdata-thumbnail=\"https:\/\/www.kreisfeuerwehrverband-vechta.de\/wp_KFV_2016\/wp-content\/gallery\/kfv_2017_\/thumbs\/thumbs_KFV_2017_014.jpg\"\n\t\t\t\tdata-image-id=\"1120\"\n\t\t\t\tdata-title=\"KFV_2017_014\"\n\t\t\t\tdata-description=\"\"\n\t\t\t\tdata-image-slug=\"kfv_2017_014\"\n\t\t\t\t\t\t\t\t\t\t\t\t\t\t\t\t\t\t\t\tclass=\"ngg-fancybox\" rel=\"21a48b84f25347e5c724677c3dd74080\">\n\t\t\t\t\t\t\t\t<img\n\t\t\t\t\ttitle=\"KFV_2017_014\"\n\t\t\t\t\talt=\"KFV_2017_014\"\n\t\t\t\t\tsrc=\"https:\/\/www.kreisfeuerwehrverband-vechta.de\/wp_KFV_2016\/wp-content\/gallery\/kfv_2017_\/thumbs\/thumbs_KFV_2017_014.jpg\"\n\t\t\t\t\twidth=\"240\"\n\t\t\t\t\theight=\"160\"\n\t\t\t\t\tstyle=\"max-width:100%;\"\n\t\t\t\t\/>\n\t\t\t<\/a>\n\t\t<\/div>\n\t\t\t\t\t\t\t<\/div>\n\t\t\t\n\t\t\t\t<div id=\"ngg-image-14\" class=\"ngg-gallery-thumbnail-box\n\t\t\t\t\t\t\t\t\t\t\t\"\n\t\t\t>\n\t\t\t\t\t\t<div class=\"ngg-gallery-thumbnail\">\n\t\t\t<a href=\"https:\/\/www.kreisfeuerwehrverband-vechta.de\/wp_KFV_2016\/wp-content\/gallery\/kfv_2017_\/KFV_2017_015.jpg\"\n\t\t\t\ttitle=\"\"\n\t\t\t\tdata-src=\"https:\/\/www.kreisfeuerwehrverband-vechta.de\/wp_KFV_2016\/wp-content\/gallery\/kfv_2017_\/KFV_2017_015.jpg\"\n\t\t\t\tdata-thumbnail=\"https:\/\/www.kreisfeuerwehrverband-vechta.de\/wp_KFV_2016\/wp-content\/gallery\/kfv_2017_\/thumbs\/thumbs_KFV_2017_015.jpg\"\n\t\t\t\tdata-image-id=\"1121\"\n\t\t\t\tdata-title=\"KFV_2017_015\"\n\t\t\t\tdata-description=\"\"\n\t\t\t\tdata-image-slug=\"kfv_2017_015\"\n\t\t\t\t\t\t\t\t\t\t\t\t\t\t\t\t\t\t\t\tclass=\"ngg-fancybox\" rel=\"21a48b84f25347e5c724677c3dd74080\">\n\t\t\t\t\t\t\t\t<img\n\t\t\t\t\ttitle=\"KFV_2017_015\"\n\t\t\t\t\talt=\"KFV_2017_015\"\n\t\t\t\t\tsrc=\"https:\/\/www.kreisfeuerwehrverband-vechta.de\/wp_KFV_2016\/wp-content\/gallery\/kfv_2017_\/thumbs\/thumbs_KFV_2017_015.jpg\"\n\t\t\t\t\twidth=\"240\"\n\t\t\t\t\theight=\"160\"\n\t\t\t\t\tstyle=\"max-width:100%;\"\n\t\t\t\t\/>\n\t\t\t<\/a>\n\t\t<\/div>\n\t\t\t\t\t\t\t<\/div>\n\t\t\t\n\t\t\t\t<div id=\"ngg-image-15\" class=\"ngg-gallery-thumbnail-box\n\t\t\t\t\t\t\t\t\t\t\t\"\n\t\t\t>\n\t\t\t\t\t\t<div class=\"ngg-gallery-thumbnail\">\n\t\t\t<a href=\"https:\/\/www.kreisfeuerwehrverband-vechta.de\/wp_KFV_2016\/wp-content\/gallery\/kfv_2017_\/KFV_2017_016.jpg\"\n\t\t\t\ttitle=\"\"\n\t\t\t\tdata-src=\"https:\/\/www.kreisfeuerwehrverband-vechta.de\/wp_KFV_2016\/wp-content\/gallery\/kfv_2017_\/KFV_2017_016.jpg\"\n\t\t\t\tdata-thumbnail=\"https:\/\/www.kreisfeuerwehrverband-vechta.de\/wp_KFV_2016\/wp-content\/gallery\/kfv_2017_\/thumbs\/thumbs_KFV_2017_016.jpg\"\n\t\t\t\tdata-image-id=\"1122\"\n\t\t\t\tdata-title=\"KFV_2017_016\"\n\t\t\t\tdata-description=\"\"\n\t\t\t\tdata-image-slug=\"kfv_2017_016\"\n\t\t\t\t\t\t\t\t\t\t\t\t\t\t\t\t\t\t\t\tclass=\"ngg-fancybox\" rel=\"21a48b84f25347e5c724677c3dd74080\">\n\t\t\t\t\t\t\t\t<img\n\t\t\t\t\ttitle=\"KFV_2017_016\"\n\t\t\t\t\talt=\"KFV_2017_016\"\n\t\t\t\t\tsrc=\"https:\/\/www.kreisfeuerwehrverband-vechta.de\/wp_KFV_2016\/wp-content\/gallery\/kfv_2017_\/thumbs\/thumbs_KFV_2017_016.jpg\"\n\t\t\t\t\twidth=\"240\"\n\t\t\t\t\theight=\"160\"\n\t\t\t\t\tstyle=\"max-width:100%;\"\n\t\t\t\t\/>\n\t\t\t<\/a>\n\t\t<\/div>\n\t\t\t\t\t\t\t<\/div>\n\t\t\t\n\t\t\t\t<div id=\"ngg-image-16\" class=\"ngg-gallery-thumbnail-box\n\t\t\t\t\t\t\t\t\t\t\t\"\n\t\t\t>\n\t\t\t\t\t\t<div class=\"ngg-gallery-thumbnail\">\n\t\t\t<a href=\"https:\/\/www.kreisfeuerwehrverband-vechta.de\/wp_KFV_2016\/wp-content\/gallery\/kfv_2017_\/KFV_2017_017.jpg\"\n\t\t\t\ttitle=\"\"\n\t\t\t\tdata-src=\"https:\/\/www.kreisfeuerwehrverband-vechta.de\/wp_KFV_2016\/wp-content\/gallery\/kfv_2017_\/KFV_2017_017.jpg\"\n\t\t\t\tdata-thumbnail=\"https:\/\/www.kreisfeuerwehrverband-vechta.de\/wp_KFV_2016\/wp-content\/gallery\/kfv_2017_\/thumbs\/thumbs_KFV_2017_017.jpg\"\n\t\t\t\tdata-image-id=\"1123\"\n\t\t\t\tdata-title=\"KFV_2017_017\"\n\t\t\t\tdata-description=\"\"\n\t\t\t\tdata-image-slug=\"kfv_2017_017\"\n\t\t\t\t\t\t\t\t\t\t\t\t\t\t\t\t\t\t\t\tclass=\"ngg-fancybox\" rel=\"21a48b84f25347e5c724677c3dd74080\">\n\t\t\t\t\t\t\t\t<img\n\t\t\t\t\ttitle=\"KFV_2017_017\"\n\t\t\t\t\talt=\"KFV_2017_017\"\n\t\t\t\t\tsrc=\"https:\/\/www.kreisfeuerwehrverband-vechta.de\/wp_KFV_2016\/wp-content\/gallery\/kfv_2017_\/thumbs\/thumbs_KFV_2017_017.jpg\"\n\t\t\t\t\twidth=\"240\"\n\t\t\t\t\theight=\"160\"\n\t\t\t\t\tstyle=\"max-width:100%;\"\n\t\t\t\t\/>\n\t\t\t<\/a>\n\t\t<\/div>\n\t\t\t\t\t\t\t<\/div>\n\t\t\t\n\t\t\t\t<div id=\"ngg-image-17\" class=\"ngg-gallery-thumbnail-box\n\t\t\t\t\t\t\t\t\t\t\t\"\n\t\t\t>\n\t\t\t\t\t\t<div class=\"ngg-gallery-thumbnail\">\n\t\t\t<a href=\"https:\/\/www.kreisfeuerwehrverband-vechta.de\/wp_KFV_2016\/wp-content\/gallery\/kfv_2017_\/KFV_2017_018.jpg\"\n\t\t\t\ttitle=\"\"\n\t\t\t\tdata-src=\"https:\/\/www.kreisfeuerwehrverband-vechta.de\/wp_KFV_2016\/wp-content\/gallery\/kfv_2017_\/KFV_2017_018.jpg\"\n\t\t\t\tdata-thumbnail=\"https:\/\/www.kreisfeuerwehrverband-vechta.de\/wp_KFV_2016\/wp-content\/gallery\/kfv_2017_\/thumbs\/thumbs_KFV_2017_018.jpg\"\n\t\t\t\tdata-image-id=\"1124\"\n\t\t\t\tdata-title=\"KFV_2017_018\"\n\t\t\t\tdata-description=\"\"\n\t\t\t\tdata-image-slug=\"kfv_2017_018\"\n\t\t\t\t\t\t\t\t\t\t\t\t\t\t\t\t\t\t\t\tclass=\"ngg-fancybox\" rel=\"21a48b84f25347e5c724677c3dd74080\">\n\t\t\t\t\t\t\t\t<img\n\t\t\t\t\ttitle=\"KFV_2017_018\"\n\t\t\t\t\talt=\"KFV_2017_018\"\n\t\t\t\t\tsrc=\"https:\/\/www.kreisfeuerwehrverband-vechta.de\/wp_KFV_2016\/wp-content\/gallery\/kfv_2017_\/thumbs\/thumbs_KFV_2017_018.jpg\"\n\t\t\t\t\twidth=\"240\"\n\t\t\t\t\theight=\"160\"\n\t\t\t\t\tstyle=\"max-width:100%;\"\n\t\t\t\t\/>\n\t\t\t<\/a>\n\t\t<\/div>\n\t\t\t\t\t\t\t<\/div>\n\t\t\t\n\t\t\t\t<div id=\"ngg-image-18\" class=\"ngg-gallery-thumbnail-box\n\t\t\t\t\t\t\t\t\t\t\t\"\n\t\t\t>\n\t\t\t\t\t\t<div class=\"ngg-gallery-thumbnail\">\n\t\t\t<a href=\"https:\/\/www.kreisfeuerwehrverband-vechta.de\/wp_KFV_2016\/wp-content\/gallery\/kfv_2017_\/KFV_2017_019.jpg\"\n\t\t\t\ttitle=\"\"\n\t\t\t\tdata-src=\"https:\/\/www.kreisfeuerwehrverband-vechta.de\/wp_KFV_2016\/wp-content\/gallery\/kfv_2017_\/KFV_2017_019.jpg\"\n\t\t\t\tdata-thumbnail=\"https:\/\/www.kreisfeuerwehrverband-vechta.de\/wp_KFV_2016\/wp-content\/gallery\/kfv_2017_\/thumbs\/thumbs_KFV_2017_019.jpg\"\n\t\t\t\tdata-image-id=\"1125\"\n\t\t\t\tdata-title=\"KFV_2017_019\"\n\t\t\t\tdata-description=\"\"\n\t\t\t\tdata-image-slug=\"kfv_2017_019\"\n\t\t\t\t\t\t\t\t\t\t\t\t\t\t\t\t\t\t\t\tclass=\"ngg-fancybox\" rel=\"21a48b84f25347e5c724677c3dd74080\">\n\t\t\t\t\t\t\t\t<img\n\t\t\t\t\ttitle=\"KFV_2017_019\"\n\t\t\t\t\talt=\"KFV_2017_019\"\n\t\t\t\t\tsrc=\"https:\/\/www.kreisfeuerwehrverband-vechta.de\/wp_KFV_2016\/wp-content\/gallery\/kfv_2017_\/thumbs\/thumbs_KFV_2017_019.jpg\"\n\t\t\t\t\twidth=\"240\"\n\t\t\t\t\theight=\"160\"\n\t\t\t\t\tstyle=\"max-width:100%;\"\n\t\t\t\t\/>\n\t\t\t<\/a>\n\t\t<\/div>\n\t\t\t\t\t\t\t<\/div>\n\t\t\t\n\t\t\t\t<div id=\"ngg-image-19\" class=\"ngg-gallery-thumbnail-box\n\t\t\t\t\t\t\t\t\t\t\t\"\n\t\t\t>\n\t\t\t\t\t\t<div class=\"ngg-gallery-thumbnail\">\n\t\t\t<a href=\"https:\/\/www.kreisfeuerwehrverband-vechta.de\/wp_KFV_2016\/wp-content\/gallery\/kfv_2017_\/KFV_2017_020.jpg\"\n\t\t\t\ttitle=\"\"\n\t\t\t\tdata-src=\"https:\/\/www.kreisfeuerwehrverband-vechta.de\/wp_KFV_2016\/wp-content\/gallery\/kfv_2017_\/KFV_2017_020.jpg\"\n\t\t\t\tdata-thumbnail=\"https:\/\/www.kreisfeuerwehrverband-vechta.de\/wp_KFV_2016\/wp-content\/gallery\/kfv_2017_\/thumbs\/thumbs_KFV_2017_020.jpg\"\n\t\t\t\tdata-image-id=\"1126\"\n\t\t\t\tdata-title=\"KFV_2017_020\"\n\t\t\t\tdata-description=\"\"\n\t\t\t\tdata-image-slug=\"kfv_2017_020\"\n\t\t\t\t\t\t\t\t\t\t\t\t\t\t\t\t\t\t\t\tclass=\"ngg-fancybox\" rel=\"21a48b84f25347e5c724677c3dd74080\">\n\t\t\t\t\t\t\t\t<img\n\t\t\t\t\ttitle=\"KFV_2017_020\"\n\t\t\t\t\talt=\"KFV_2017_020\"\n\t\t\t\t\tsrc=\"https:\/\/www.kreisfeuerwehrverband-vechta.de\/wp_KFV_2016\/wp-content\/gallery\/kfv_2017_\/thumbs\/thumbs_KFV_2017_020.jpg\"\n\t\t\t\t\twidth=\"240\"\n\t\t\t\t\theight=\"160\"\n\t\t\t\t\tstyle=\"max-width:100%;\"\n\t\t\t\t\/>\n\t\t\t<\/a>\n\t\t<\/div>\n\t\t\t\t\t\t\t<\/div>\n\t\t\t\n\t\n\t<br style=\"clear: both\" \/>\n\n\t\n\t\t<!-- Pagination -->\n\t\t<div class='ngg-navigation'><span class='current'>1<\/span>\n<a class='page-numbers' data-pageid='2' href='https:\/\/www.kreisfeuerwehrverband-vechta.de\/index.php\/nggallery\/page\/2?p=4351'>2<\/a>\n<a class='prev' href='https:\/\/www.kreisfeuerwehrverband-vechta.de\/index.php\/nggallery\/page\/2?p=4351' data-pageid=\"2\">&#9658;<\/a><\/div>\t<\/div>\n<\/p>\n","protected":false},"excerpt":{"rendered":"<p>Sehr geehrte Damen und Herren, liebe Feuerwehrkameradinnen und Kameraden, sehr geehrte G\u00e4ste. In meinem Jahresbericht m\u00f6chte ich das zur\u00fcckliegende Jahr noch einmal Revue passieren lassen. Auch 2016 konnte die Kreisfeuerwehr im Gegensatz zum Landestrend weiter expandieren. Mitgliederwerbung und das Heranf\u00fchren<\/p>\n","protected":false},"author":1,"featured_media":4503,"comment_status":"closed","ping_status":"closed","sticky":false,"template":"","format":"standard","meta":{"ngg_post_thumbnail":0,"footnotes":""},"categories":[1],"tags":[],"class_list":["post-4351","post","type-post","status-publish","format-standard","has-post-thumbnail","hentry","category-kreisfeuerwehrverband"],"_links":{"self":[{"href":"https:\/\/www.kreisfeuerwehrverband-vechta.de\/index.php?rest_route=\/wp\/v2\/posts\/4351","targetHints":{"allow":["GET"]}}],"collection":[{"href":"https:\/\/www.kreisfeuerwehrverband-vechta.de\/index.php?rest_route=\/wp\/v2\/posts"}],"about":[{"href":"https:\/\/www.kreisfeuerwehrverband-vechta.de\/index.php?rest_route=\/wp\/v2\/types\/post"}],"author":[{"embeddable":true,"href":"https:\/\/www.kreisfeuerwehrverband-vechta.de\/index.php?rest_route=\/wp\/v2\/users\/1"}],"replies":[{"embeddable":true,"href":"https:\/\/www.kreisfeuerwehrverband-vechta.de\/index.php?rest_route=%2Fwp%2Fv2%2Fcomments&post=4351"}],"version-history":[{"count":0,"href":"https:\/\/www.kreisfeuerwehrverband-vechta.de\/index.php?rest_route=\/wp\/v2\/posts\/4351\/revisions"}],"wp:featuredmedia":[{"embeddable":true,"href":"https:\/\/www.kreisfeuerwehrverband-vechta.de\/index.php?rest_route=\/wp\/v2\/media\/4503"}],"wp:attachment":[{"href":"https:\/\/www.kreisfeuerwehrverband-vechta.de\/index.php?rest_route=%2Fwp%2Fv2%2Fmedia&parent=4351"}],"wp:term":[{"taxonomy":"category","embeddable":true,"href":"https:\/\/www.kreisfeuerwehrverband-vechta.de\/index.php?rest_route=%2Fwp%2Fv2%2Fcategories&post=4351"},{"taxonomy":"post_tag","embeddable":true,"href":"https:\/\/www.kreisfeuerwehrverband-vechta.de\/index.php?rest_route=%2Fwp%2Fv2%2Ftags&post=4351"}],"curies":[{"name":"wp","href":"https:\/\/api.w.org\/{rel}","templated":true}]}}