{"id":3465,"date":"2016-10-11T12:09:40","date_gmt":"2016-10-11T10:09:40","guid":{"rendered":"http:\/\/www.kreisfeuerwehrverband-vechta.de\/?p=3465"},"modified":"2016-10-11T12:29:53","modified_gmt":"2016-10-11T10:29:53","slug":"jf-bakum-blickt-auf-25-jahre-zurueck","status":"publish","type":"post","link":"https:\/\/www.kreisfeuerwehrverband-vechta.de\/?p=3465","title":{"rendered":"JF Bakum blickt auf 25 Jahre zur\u00fcck"},"content":{"rendered":"<p>Anfang Oktober konnte die Jugendfeuerwehr Bakum um Jugendfeuerwehrwart Torsten Scharbau zahlreiche G\u00e4ste zur Jubil\u00e4umsfeier begr\u00fc\u00dfen, unter anderem den stv. Kreisbrandmeister Udo Schwarz, die Kreisjugendfeuerwehrwartin Alexandra Runnebohm,\u00a0 den stv. B\u00fcrgermeister Franz H\u00f6lscher sowie alle Abordnungen der Jugendfeuerwehren. Besonders freute sich JF-Wart Torsten Scharbau \u00fcber die Anwesenheit des Gr\u00fcndungsvaters, Ehrenbrandmeister Joseph Tegeler\u00a0 sowie dem Rest des ersten Jugendfeuerwehrvorstandes mit Manfred Landwehr (erster JF-Wart), Willibald Meistermann und Johannes Sommer.<br \/>\nFranz H\u00f6lscher dankte der Jugendfeuerwehr Bakum f\u00fcr ihren unerm\u00fcdlichen Einsatz f\u00fcr den N\u00e4chsten. Einen besonderen Dank erfuhr der jetzige Jugendfeuerwehrwart Torsten Scharbau, der ebenfalls bereits bei der Gr\u00fcndung\u00a0 im Oktober 1991 im Vorstand t\u00e4tig war. Er \u00fcberreichte ihm f\u00fcr die Jugendfeuerwehr eine Urkunde und einen Scheck. &#8222;Mutig, vorw\u00e4rts&#8220;, so bezeichnete H\u00f6lscher die Entwicklung der letzten 25 Jahre in der JF Bakum.<br \/>\nAuch Joseph Tegeler blickte sichtlich ger\u00fchrt auf die vergangene Zeit zur\u00fcck. Als man 1991 als siebte Feuerwehr im Landkreis eine Jugendabteilung gr\u00fcndete, war es eine mutige, jedoch schwierige Zeit. Durch die sp\u00e4ter durch die Jugendfeuerwehr \u00fcbernommene Altpapiersammlung konnte man sich die n\u00f6tigste Ausr\u00fcstung beschaffen. Es war anfangs ein steiniger Weg, bei dem allerdings die damaligen Kreisjugendfeuerwehrwarte Ewald M\u00f6llmann und Johannes Honkomp tatkr\u00e4ftig unterst\u00fctzen. Daf\u00fcr dankte Joseph Tegeler den beiden nochmals recht herzlich. &#8222;Die wertvolle Jugendarbeit sieht man heute daran, dass viele der damaligen 19 Mitglieder heute weiterhin in der Feuerwehr aktiv sind bzw. sogar im Ortskommando vertreten sind. Das ist toll&#8220;, so Tegeler.<br \/>\nAuch Torsten Scharbau bezeichnete die Jugendfeuerwehr als einen sehr wichtigen Bestandteil der Feuerwehr. Die aktuell 13 Mitglieder arbeiten weiterhin mit viel Eifer und Engagement in der Jugendfeuerwehr. Besonders die vielen Ausfl\u00fcge (Miniatur-Wunderland, Besichtigung Berufsfeuerwehren, etc.,) bereite den Kindern und nat\u00fcrlich auch Betreuern viel Spa\u00df. Diese Ausfl\u00fcge finanziert sich die Jugendfeuerwehr noch heute zum gr\u00f6\u00dften Teil durch Altpapiersammlungen. Ein besonderes Highlight ist das j\u00e4hrlich stattfindende Pfingstzeltlager, welches die Bakumer Kameraden im Jahre 1996 und 2006 ausrichteten. Die erste Teilnahme am Pfingstzeltlager war damals auf dem Stoppelmarktgel\u00e4nde. Damals wie heute ist dieses Lager f\u00fcr die gesamte Kreisjugendfeuerwehr ein tolles Erlebnis, bei dem viele Bekanntschaften gekn\u00fcpft werden. Auch die damalige gemeinsame Fahrt nach Rom bleibt allen noch in toller Erinnerung. Torsten Scharbau bedankte sich abschlie\u00dfend noch bei allen, die zum Erfolg der Jugendfeuerwehr Bakum beigetragen haben. Besonders Joseph Tegeler, Ewald M\u00f6llmann und Johannes Honkomp bekamen nochmals ein Dankesch\u00f6n ausgesprochen.<br \/>\nDer stv. Kreisbrandmeister Udo Schwarz \u00fcberbrachte im Namen des Kreisfeuerwehrverbandes die herzlichsten Gl\u00fcckwunsche zum 25-j\u00e4hrigen Bestehen. &#8222;Mit viel Herzblut haben die Gr\u00fcndungsmitglieder eine schlagfertige Truppe auf die Beine gestellt&#8220;, so Schwarz. Sowohl Udo Schwarz als die Kreisjugendfeuerwehrwartin Alexandra Runnebohm dankten nochmals Torsten Scharbau f\u00fcr das gro\u00dfe Engagement in der Jugendfeuerwehr. Im Namen aller Jugendfeuerwehren \u00fcberreichte Alexandra Runnebohm Torsten Scharbau einen Scheck. Sie w\u00fcnschte den Jugendfeuerwehrmitgliedern der JF Bakum weiterhin viel Erfolg und tolle Platzierungen bei den Wettk\u00e4mpfen.<\/p>\n<figure id=\"attachment_3466\" aria-describedby=\"caption-attachment-3466\" style=\"width: 1000px\" class=\"wp-caption aligncenter\"><img fetchpriority=\"high\" decoding=\"async\" class=\"size-full wp-image-3466\" src=\"http:\/\/www.kreisfeuerwehrverband-vechta.de\/wp_KFV_2016\/wp-content\/uploads\/25-Jahre-JF-Bakum_2016_1000px.jpg\" alt=\"v.l.nr.: Ewald M\u00f6llmann, Willibald Meistermann, Johannes Honkomp, Johannes Sommer, Joseph Tegeler, Jochen Spille, Franz H\u00f6lscher, Alexandra Runnebohm, Torsten Scharbau und Udo Schwarz    \/ Foto: Rosenbaum\" width=\"1000\" height=\"667\" srcset=\"https:\/\/www.kreisfeuerwehrverband-vechta.de\/wp_KFV_2016\/wp-content\/uploads\/25-Jahre-JF-Bakum_2016_1000px.jpg 1000w, https:\/\/www.kreisfeuerwehrverband-vechta.de\/wp_KFV_2016\/wp-content\/uploads\/25-Jahre-JF-Bakum_2016_1000px-300x200.jpg 300w\" sizes=\"(max-width: 1000px) 100vw, 1000px\" \/><figcaption id=\"caption-attachment-3466\" class=\"wp-caption-text\">v.l.nr.: Ewald M\u00f6llmann, Willibald Meistermann, Johannes Honkomp, Johannes Sommer, Joseph Tegeler, Jochen Spille, Franz H\u00f6lscher, Alexandra Runnebohm, Torsten Scharbau und Udo Schwarz \/ Foto: Rosenbaum<\/figcaption><\/figure>\n","protected":false},"excerpt":{"rendered":"<p>Anfang Oktober konnte die Jugendfeuerwehr Bakum um Jugendfeuerwehrwart Torsten Scharbau zahlreiche G\u00e4ste zur Jubil\u00e4umsfeier begr\u00fc\u00dfen, unter anderem den stv. Kreisbrandmeister Udo Schwarz, die Kreisjugendfeuerwehrwartin Alexandra Runnebohm,\u00a0 den stv. B\u00fcrgermeister Franz H\u00f6lscher sowie alle Abordnungen der Jugendfeuerwehren. Besonders freute sich JF-Wart<\/p>\n","protected":false},"author":5,"featured_media":3466,"comment_status":"closed","ping_status":"closed","sticky":false,"template":"","format":"standard","meta":{"ngg_post_thumbnail":0,"footnotes":""},"categories":[5],"tags":[],"class_list":["post-3465","post","type-post","status-publish","format-standard","has-post-thumbnail","hentry","category-kreisjugendfeuerwehr"],"_links":{"self":[{"href":"https:\/\/www.kreisfeuerwehrverband-vechta.de\/index.php?rest_route=\/wp\/v2\/posts\/3465","targetHints":{"allow":["GET"]}}],"collection":[{"href":"https:\/\/www.kreisfeuerwehrverband-vechta.de\/index.php?rest_route=\/wp\/v2\/posts"}],"about":[{"href":"https:\/\/www.kreisfeuerwehrverband-vechta.de\/index.php?rest_route=\/wp\/v2\/types\/post"}],"author":[{"embeddable":true,"href":"https:\/\/www.kreisfeuerwehrverband-vechta.de\/index.php?rest_route=\/wp\/v2\/users\/5"}],"replies":[{"embeddable":true,"href":"https:\/\/www.kreisfeuerwehrverband-vechta.de\/index.php?rest_route=%2Fwp%2Fv2%2Fcomments&post=3465"}],"version-history":[{"count":0,"href":"https:\/\/www.kreisfeuerwehrverband-vechta.de\/index.php?rest_route=\/wp\/v2\/posts\/3465\/revisions"}],"wp:featuredmedia":[{"embeddable":true,"href":"https:\/\/www.kreisfeuerwehrverband-vechta.de\/index.php?rest_route=\/wp\/v2\/media\/3466"}],"wp:attachment":[{"href":"https:\/\/www.kreisfeuerwehrverband-vechta.de\/index.php?rest_route=%2Fwp%2Fv2%2Fmedia&parent=3465"}],"wp:term":[{"taxonomy":"category","embeddable":true,"href":"https:\/\/www.kreisfeuerwehrverband-vechta.de\/index.php?rest_route=%2Fwp%2Fv2%2Fcategories&post=3465"},{"taxonomy":"post_tag","embeddable":true,"href":"https:\/\/www.kreisfeuerwehrverband-vechta.de\/index.php?rest_route=%2Fwp%2Fv2%2Ftags&post=3465"}],"curies":[{"name":"wp","href":"https:\/\/api.w.org\/{rel}","templated":true}]}}