{"id":3340,"date":"2016-10-03T12:04:37","date_gmt":"2016-10-03T10:04:37","guid":{"rendered":"http:\/\/www.kreisfeuerwehrverband-vechta.de\/?p=3340"},"modified":"2016-10-09T20:25:07","modified_gmt":"2016-10-09T18:25:07","slug":"25-09-2016-kreisfeuerwehrfest-in-damme","status":"publish","type":"post","link":"https:\/\/www.kreisfeuerwehrverband-vechta.de\/?p=3340","title":{"rendered":"25.09.2016 Kreisfeuerwehrfest 2016 in Damme"},"content":{"rendered":"<p><span style=\"font-size: 14pt;\"><strong>Kreisfeuerwehrfest 2016 in Damme<\/strong><\/span><\/p>\n<p><strong>Damme\/Landkreis Vechta.<\/strong> Etwa 400 Feuerwehrkameraden und Kameradinnen fanden sich beim Kreisfeuerwehrfest im Festzelt im Damme zusammen. Neben dem Kreisfeuerwehrfest fand auch gleichzeitig die Jubil\u00e4umsfeier zum 125j\u00e4hrigen Jubil\u00e4um der Feuerwehr Damme statt. W\u00e4hrend der Samstag ganz im Zeichen des Jubil\u00e4ums stand, galt am Sonntag dem Kreisfeuerwehrfest die volle Aufmerksamkeit. Um 14:00 Uhr machten sich nach Sch\u00e4tzungen von Kreisbrandmeister Matthias Trumme rund 400 Feuerwehrkameraden und Kameradinnen aus dem gesamten Landkreis und die befreundeten Wehren aus Hunteburg und Paderborn-Elsen im Umzug auf den Weg zum Festzelt.<br \/>\nZeitgleich fand auch die Pr\u00e4mierung des von der Feuerwehr Damme zum Jubil\u00e4um ausgerufenen Malwettbewerbs f\u00fcr Kinder statt.<br \/>\nIm Festzelt angekommen begr\u00fc\u00dfte der B\u00fcrgermeister der Stadt Damme, Gerd Muhle, die anwesenden Feuerwehrkameraden und Kameradinnen. Als Festredner sprachen der Vorsitzende des Ausschusses f\u00fcr Feuerschutz und Rettungswesen, EHBM Hermann Sch\u00fctte, sowie RBM Dieter Schnittjer und Kreisrat Holger B\u00f6ckenstette und zu guter Letzt der KBM Matthias Trumme.<br \/>\nAls besondere \u00dcberraschung hatten der RBM Schnittjer, KBM Trumme und Kreisrat B\u00f6ckenstette zudem eine Bef\u00f6rderung in der Tasche. Der Ortsbrandmeister und stellv. KBM Udo Schwarz wurde zum Abschnittsbrandmeister bef\u00f6rdert.<br \/>\nW\u00e4hrend im Festzelt gefeiert wurde, fand vor dem Zelt eine Leistungsschau der Rettungskr\u00e4fte und ihrer Ausr\u00fcstung statt.<br \/>\n<span style=\"font-size: 8pt;\">Text: Reinhard Ahlers KPW<\/span><br \/>\n<span style=\"font-size: 8pt;\">Bilder: J\u00fcrgen Franz Feuerwehr Damme<\/span><\/p>\n<p><!-- default-view.php -->\n<div\n\tclass=\"ngg-galleryoverview default-view\n\t ngg-ajax-pagination-none\t\"\n\tid=\"ngg-gallery-dd16d69dde5d69d1e4f48946700fdd49-1\"\n\tdata-gallery-id=\"65\">\n\n\t\t<!-- Thumbnails -->\n\t\t\t\t<div id=\"ngg-image-0\" class=\"ngg-gallery-thumbnail-box\n\t\t\t\t\t\t\t\t\t\t\t\"\n\t\t\t>\n\t\t\t\t\t\t<div class=\"ngg-gallery-thumbnail\">\n\t\t\t<a href=\"https:\/\/www.kreisfeuerwehrverband-vechta.de\/wp_KFV_2016\/wp-content\/gallery\/kffest-2016-1\/KFFest-2016001.jpg\"\n\t\t\t\ttitle=\"\"\n\t\t\t\tdata-src=\"https:\/\/www.kreisfeuerwehrverband-vechta.de\/wp_KFV_2016\/wp-content\/gallery\/kffest-2016-1\/KFFest-2016001.jpg\"\n\t\t\t\tdata-thumbnail=\"https:\/\/www.kreisfeuerwehrverband-vechta.de\/wp_KFV_2016\/wp-content\/gallery\/kffest-2016-1\/thumbs\/thumbs_KFFest-2016001.jpg\"\n\t\t\t\tdata-image-id=\"752\"\n\t\t\t\tdata-title=\"KFFest-2016001\"\n\t\t\t\tdata-description=\"\"\n\t\t\t\tdata-image-slug=\"kffest-2016001-1\"\n\t\t\t\t\t\t\t\t\t\t\t\t\t\t\t\t\t\t\t\tclass=\"ngg-fancybox\" rel=\"dd16d69dde5d69d1e4f48946700fdd49\">\n\t\t\t\t\t\t\t\t<img\n\t\t\t\t\ttitle=\"KFFest-2016001\"\n\t\t\t\t\talt=\"KFFest-2016001\"\n\t\t\t\t\tsrc=\"https:\/\/www.kreisfeuerwehrverband-vechta.de\/wp_KFV_2016\/wp-content\/gallery\/kffest-2016-1\/thumbs\/thumbs_KFFest-2016001.jpg\"\n\t\t\t\t\twidth=\"240\"\n\t\t\t\t\theight=\"160\"\n\t\t\t\t\tstyle=\"max-width:100%;\"\n\t\t\t\t\/>\n\t\t\t<\/a>\n\t\t<\/div>\n\t\t\t\t\t\t\t<\/div>\n\t\t\t\n\t\t\t\t<div id=\"ngg-image-1\" class=\"ngg-gallery-thumbnail-box\n\t\t\t\t\t\t\t\t\t\t\t\"\n\t\t\t>\n\t\t\t\t\t\t<div class=\"ngg-gallery-thumbnail\">\n\t\t\t<a href=\"https:\/\/www.kreisfeuerwehrverband-vechta.de\/wp_KFV_2016\/wp-content\/gallery\/kffest-2016-1\/KFFest-2016002.jpg\"\n\t\t\t\ttitle=\"\"\n\t\t\t\tdata-src=\"https:\/\/www.kreisfeuerwehrverband-vechta.de\/wp_KFV_2016\/wp-content\/gallery\/kffest-2016-1\/KFFest-2016002.jpg\"\n\t\t\t\tdata-thumbnail=\"https:\/\/www.kreisfeuerwehrverband-vechta.de\/wp_KFV_2016\/wp-content\/gallery\/kffest-2016-1\/thumbs\/thumbs_KFFest-2016002.jpg\"\n\t\t\t\tdata-image-id=\"753\"\n\t\t\t\tdata-title=\"KFFest-2016002\"\n\t\t\t\tdata-description=\"\"\n\t\t\t\tdata-image-slug=\"kffest-2016002-1\"\n\t\t\t\t\t\t\t\t\t\t\t\t\t\t\t\t\t\t\t\tclass=\"ngg-fancybox\" rel=\"dd16d69dde5d69d1e4f48946700fdd49\">\n\t\t\t\t\t\t\t\t<img\n\t\t\t\t\ttitle=\"KFFest-2016002\"\n\t\t\t\t\talt=\"KFFest-2016002\"\n\t\t\t\t\tsrc=\"https:\/\/www.kreisfeuerwehrverband-vechta.de\/wp_KFV_2016\/wp-content\/gallery\/kffest-2016-1\/thumbs\/thumbs_KFFest-2016002.jpg\"\n\t\t\t\t\twidth=\"240\"\n\t\t\t\t\theight=\"160\"\n\t\t\t\t\tstyle=\"max-width:100%;\"\n\t\t\t\t\/>\n\t\t\t<\/a>\n\t\t<\/div>\n\t\t\t\t\t\t\t<\/div>\n\t\t\t\n\t\t\t\t<div id=\"ngg-image-2\" class=\"ngg-gallery-thumbnail-box\n\t\t\t\t\t\t\t\t\t\t\t\"\n\t\t\t>\n\t\t\t\t\t\t<div class=\"ngg-gallery-thumbnail\">\n\t\t\t<a href=\"https:\/\/www.kreisfeuerwehrverband-vechta.de\/wp_KFV_2016\/wp-content\/gallery\/kffest-2016-1\/KFFest-2016003.jpg\"\n\t\t\t\ttitle=\"\"\n\t\t\t\tdata-src=\"https:\/\/www.kreisfeuerwehrverband-vechta.de\/wp_KFV_2016\/wp-content\/gallery\/kffest-2016-1\/KFFest-2016003.jpg\"\n\t\t\t\tdata-thumbnail=\"https:\/\/www.kreisfeuerwehrverband-vechta.de\/wp_KFV_2016\/wp-content\/gallery\/kffest-2016-1\/thumbs\/thumbs_KFFest-2016003.jpg\"\n\t\t\t\tdata-image-id=\"754\"\n\t\t\t\tdata-title=\"KFFest-2016003\"\n\t\t\t\tdata-description=\"\"\n\t\t\t\tdata-image-slug=\"kffest-2016003-1\"\n\t\t\t\t\t\t\t\t\t\t\t\t\t\t\t\t\t\t\t\tclass=\"ngg-fancybox\" rel=\"dd16d69dde5d69d1e4f48946700fdd49\">\n\t\t\t\t\t\t\t\t<img\n\t\t\t\t\ttitle=\"KFFest-2016003\"\n\t\t\t\t\talt=\"KFFest-2016003\"\n\t\t\t\t\tsrc=\"https:\/\/www.kreisfeuerwehrverband-vechta.de\/wp_KFV_2016\/wp-content\/gallery\/kffest-2016-1\/thumbs\/thumbs_KFFest-2016003.jpg\"\n\t\t\t\t\twidth=\"240\"\n\t\t\t\t\theight=\"160\"\n\t\t\t\t\tstyle=\"max-width:100%;\"\n\t\t\t\t\/>\n\t\t\t<\/a>\n\t\t<\/div>\n\t\t\t\t\t\t\t<\/div>\n\t\t\t\n\t\t\t\t<div id=\"ngg-image-3\" class=\"ngg-gallery-thumbnail-box\n\t\t\t\t\t\t\t\t\t\t\t\"\n\t\t\t>\n\t\t\t\t\t\t<div class=\"ngg-gallery-thumbnail\">\n\t\t\t<a href=\"https:\/\/www.kreisfeuerwehrverband-vechta.de\/wp_KFV_2016\/wp-content\/gallery\/kffest-2016-1\/KFFest-2016004.jpg\"\n\t\t\t\ttitle=\"\"\n\t\t\t\tdata-src=\"https:\/\/www.kreisfeuerwehrverband-vechta.de\/wp_KFV_2016\/wp-content\/gallery\/kffest-2016-1\/KFFest-2016004.jpg\"\n\t\t\t\tdata-thumbnail=\"https:\/\/www.kreisfeuerwehrverband-vechta.de\/wp_KFV_2016\/wp-content\/gallery\/kffest-2016-1\/thumbs\/thumbs_KFFest-2016004.jpg\"\n\t\t\t\tdata-image-id=\"755\"\n\t\t\t\tdata-title=\"KFFest-2016004\"\n\t\t\t\tdata-description=\"\"\n\t\t\t\tdata-image-slug=\"kffest-2016004-1\"\n\t\t\t\t\t\t\t\t\t\t\t\t\t\t\t\t\t\t\t\tclass=\"ngg-fancybox\" rel=\"dd16d69dde5d69d1e4f48946700fdd49\">\n\t\t\t\t\t\t\t\t<img\n\t\t\t\t\ttitle=\"KFFest-2016004\"\n\t\t\t\t\talt=\"KFFest-2016004\"\n\t\t\t\t\tsrc=\"https:\/\/www.kreisfeuerwehrverband-vechta.de\/wp_KFV_2016\/wp-content\/gallery\/kffest-2016-1\/thumbs\/thumbs_KFFest-2016004.jpg\"\n\t\t\t\t\twidth=\"240\"\n\t\t\t\t\theight=\"160\"\n\t\t\t\t\tstyle=\"max-width:100%;\"\n\t\t\t\t\/>\n\t\t\t<\/a>\n\t\t<\/div>\n\t\t\t\t\t\t\t<\/div>\n\t\t\t\n\t\t\t\t<div id=\"ngg-image-4\" class=\"ngg-gallery-thumbnail-box\n\t\t\t\t\t\t\t\t\t\t\t\"\n\t\t\t>\n\t\t\t\t\t\t<div class=\"ngg-gallery-thumbnail\">\n\t\t\t<a href=\"https:\/\/www.kreisfeuerwehrverband-vechta.de\/wp_KFV_2016\/wp-content\/gallery\/kffest-2016-1\/KFFest-2016005.jpg\"\n\t\t\t\ttitle=\" \"\n\t\t\t\tdata-src=\"https:\/\/www.kreisfeuerwehrverband-vechta.de\/wp_KFV_2016\/wp-content\/gallery\/kffest-2016-1\/KFFest-2016005.jpg\"\n\t\t\t\tdata-thumbnail=\"https:\/\/www.kreisfeuerwehrverband-vechta.de\/wp_KFV_2016\/wp-content\/gallery\/kffest-2016-1\/thumbs\/thumbs_KFFest-2016005.jpg\"\n\t\t\t\tdata-image-id=\"756\"\n\t\t\t\tdata-title=\"KFFest-2016005\"\n\t\t\t\tdata-description=\" \"\n\t\t\t\tdata-image-slug=\"kffest-2016005-2\"\n\t\t\t\t\t\t\t\t\t\t\t\t\t\t\t\t\t\t\t\tclass=\"ngg-fancybox\" rel=\"dd16d69dde5d69d1e4f48946700fdd49\">\n\t\t\t\t\t\t\t\t<img\n\t\t\t\t\ttitle=\"KFFest-2016005\"\n\t\t\t\t\talt=\"KFFest-2016005\"\n\t\t\t\t\tsrc=\"https:\/\/www.kreisfeuerwehrverband-vechta.de\/wp_KFV_2016\/wp-content\/gallery\/kffest-2016-1\/thumbs\/thumbs_KFFest-2016005.jpg\"\n\t\t\t\t\twidth=\"240\"\n\t\t\t\t\theight=\"160\"\n\t\t\t\t\tstyle=\"max-width:100%;\"\n\t\t\t\t\/>\n\t\t\t<\/a>\n\t\t<\/div>\n\t\t\t\t\t\t\t<\/div>\n\t\t\t\n\t\t\t\t<div id=\"ngg-image-5\" class=\"ngg-gallery-thumbnail-box\n\t\t\t\t\t\t\t\t\t\t\t\"\n\t\t\t>\n\t\t\t\t\t\t<div class=\"ngg-gallery-thumbnail\">\n\t\t\t<a href=\"https:\/\/www.kreisfeuerwehrverband-vechta.de\/wp_KFV_2016\/wp-content\/gallery\/kffest-2016-1\/KFFest-2016006.jpg\"\n\t\t\t\ttitle=\" \"\n\t\t\t\tdata-src=\"https:\/\/www.kreisfeuerwehrverband-vechta.de\/wp_KFV_2016\/wp-content\/gallery\/kffest-2016-1\/KFFest-2016006.jpg\"\n\t\t\t\tdata-thumbnail=\"https:\/\/www.kreisfeuerwehrverband-vechta.de\/wp_KFV_2016\/wp-content\/gallery\/kffest-2016-1\/thumbs\/thumbs_KFFest-2016006.jpg\"\n\t\t\t\tdata-image-id=\"757\"\n\t\t\t\tdata-title=\"KFFest-2016006\"\n\t\t\t\tdata-description=\" \"\n\t\t\t\tdata-image-slug=\"kffest-2016006-2\"\n\t\t\t\t\t\t\t\t\t\t\t\t\t\t\t\t\t\t\t\tclass=\"ngg-fancybox\" rel=\"dd16d69dde5d69d1e4f48946700fdd49\">\n\t\t\t\t\t\t\t\t<img\n\t\t\t\t\ttitle=\"KFFest-2016006\"\n\t\t\t\t\talt=\"KFFest-2016006\"\n\t\t\t\t\tsrc=\"https:\/\/www.kreisfeuerwehrverband-vechta.de\/wp_KFV_2016\/wp-content\/gallery\/kffest-2016-1\/thumbs\/thumbs_KFFest-2016006.jpg\"\n\t\t\t\t\twidth=\"240\"\n\t\t\t\t\theight=\"160\"\n\t\t\t\t\tstyle=\"max-width:100%;\"\n\t\t\t\t\/>\n\t\t\t<\/a>\n\t\t<\/div>\n\t\t\t\t\t\t\t<\/div>\n\t\t\t\n\t\t\t\t<div id=\"ngg-image-6\" class=\"ngg-gallery-thumbnail-box\n\t\t\t\t\t\t\t\t\t\t\t\"\n\t\t\t>\n\t\t\t\t\t\t<div class=\"ngg-gallery-thumbnail\">\n\t\t\t<a href=\"https:\/\/www.kreisfeuerwehrverband-vechta.de\/wp_KFV_2016\/wp-content\/gallery\/kffest-2016-1\/KFF2016_1001-1.jpg\"\n\t\t\t\ttitle=\"\"\n\t\t\t\tdata-src=\"https:\/\/www.kreisfeuerwehrverband-vechta.de\/wp_KFV_2016\/wp-content\/gallery\/kffest-2016-1\/KFF2016_1001-1.jpg\"\n\t\t\t\tdata-thumbnail=\"https:\/\/www.kreisfeuerwehrverband-vechta.de\/wp_KFV_2016\/wp-content\/gallery\/kffest-2016-1\/thumbs\/thumbs_KFF2016_1001-1.jpg\"\n\t\t\t\tdata-image-id=\"784\"\n\t\t\t\tdata-title=\"KFF2016_1001\"\n\t\t\t\tdata-description=\"\"\n\t\t\t\tdata-image-slug=\"kff2016_1001\"\n\t\t\t\t\t\t\t\t\t\t\t\t\t\t\t\t\t\t\t\tclass=\"ngg-fancybox\" rel=\"dd16d69dde5d69d1e4f48946700fdd49\">\n\t\t\t\t\t\t\t\t<img\n\t\t\t\t\ttitle=\"KFF2016_1001\"\n\t\t\t\t\talt=\"KFF2016_1001\"\n\t\t\t\t\tsrc=\"https:\/\/www.kreisfeuerwehrverband-vechta.de\/wp_KFV_2016\/wp-content\/gallery\/kffest-2016-1\/thumbs\/thumbs_KFF2016_1001-1.jpg\"\n\t\t\t\t\twidth=\"240\"\n\t\t\t\t\theight=\"160\"\n\t\t\t\t\tstyle=\"max-width:100%;\"\n\t\t\t\t\/>\n\t\t\t<\/a>\n\t\t<\/div>\n\t\t\t\t\t\t\t<\/div>\n\t\t\t\n\t\t\t\t<div id=\"ngg-image-7\" class=\"ngg-gallery-thumbnail-box\n\t\t\t\t\t\t\t\t\t\t\t\"\n\t\t\t>\n\t\t\t\t\t\t<div class=\"ngg-gallery-thumbnail\">\n\t\t\t<a href=\"https:\/\/www.kreisfeuerwehrverband-vechta.de\/wp_KFV_2016\/wp-content\/gallery\/kffest-2016-1\/KFF2016_1002-1.jpg\"\n\t\t\t\ttitle=\"\"\n\t\t\t\tdata-src=\"https:\/\/www.kreisfeuerwehrverband-vechta.de\/wp_KFV_2016\/wp-content\/gallery\/kffest-2016-1\/KFF2016_1002-1.jpg\"\n\t\t\t\tdata-thumbnail=\"https:\/\/www.kreisfeuerwehrverband-vechta.de\/wp_KFV_2016\/wp-content\/gallery\/kffest-2016-1\/thumbs\/thumbs_KFF2016_1002-1.jpg\"\n\t\t\t\tdata-image-id=\"785\"\n\t\t\t\tdata-title=\"KFF2016_1002\"\n\t\t\t\tdata-description=\"\"\n\t\t\t\tdata-image-slug=\"kff2016_1002\"\n\t\t\t\t\t\t\t\t\t\t\t\t\t\t\t\t\t\t\t\tclass=\"ngg-fancybox\" rel=\"dd16d69dde5d69d1e4f48946700fdd49\">\n\t\t\t\t\t\t\t\t<img\n\t\t\t\t\ttitle=\"KFF2016_1002\"\n\t\t\t\t\talt=\"KFF2016_1002\"\n\t\t\t\t\tsrc=\"https:\/\/www.kreisfeuerwehrverband-vechta.de\/wp_KFV_2016\/wp-content\/gallery\/kffest-2016-1\/thumbs\/thumbs_KFF2016_1002-1.jpg\"\n\t\t\t\t\twidth=\"240\"\n\t\t\t\t\theight=\"160\"\n\t\t\t\t\tstyle=\"max-width:100%;\"\n\t\t\t\t\/>\n\t\t\t<\/a>\n\t\t<\/div>\n\t\t\t\t\t\t\t<\/div>\n\t\t\t\n\t\t\t\t<div id=\"ngg-image-8\" class=\"ngg-gallery-thumbnail-box\n\t\t\t\t\t\t\t\t\t\t\t\"\n\t\t\t>\n\t\t\t\t\t\t<div class=\"ngg-gallery-thumbnail\">\n\t\t\t<a href=\"https:\/\/www.kreisfeuerwehrverband-vechta.de\/wp_KFV_2016\/wp-content\/gallery\/kffest-2016-1\/KFF2016_1003-1.jpg\"\n\t\t\t\ttitle=\"\"\n\t\t\t\tdata-src=\"https:\/\/www.kreisfeuerwehrverband-vechta.de\/wp_KFV_2016\/wp-content\/gallery\/kffest-2016-1\/KFF2016_1003-1.jpg\"\n\t\t\t\tdata-thumbnail=\"https:\/\/www.kreisfeuerwehrverband-vechta.de\/wp_KFV_2016\/wp-content\/gallery\/kffest-2016-1\/thumbs\/thumbs_KFF2016_1003-1.jpg\"\n\t\t\t\tdata-image-id=\"786\"\n\t\t\t\tdata-title=\"KFF2016_1003\"\n\t\t\t\tdata-description=\"\"\n\t\t\t\tdata-image-slug=\"kff2016_1003\"\n\t\t\t\t\t\t\t\t\t\t\t\t\t\t\t\t\t\t\t\tclass=\"ngg-fancybox\" rel=\"dd16d69dde5d69d1e4f48946700fdd49\">\n\t\t\t\t\t\t\t\t<img\n\t\t\t\t\ttitle=\"KFF2016_1003\"\n\t\t\t\t\talt=\"KFF2016_1003\"\n\t\t\t\t\tsrc=\"https:\/\/www.kreisfeuerwehrverband-vechta.de\/wp_KFV_2016\/wp-content\/gallery\/kffest-2016-1\/thumbs\/thumbs_KFF2016_1003-1.jpg\"\n\t\t\t\t\twidth=\"240\"\n\t\t\t\t\theight=\"160\"\n\t\t\t\t\tstyle=\"max-width:100%;\"\n\t\t\t\t\/>\n\t\t\t<\/a>\n\t\t<\/div>\n\t\t\t\t\t\t\t<\/div>\n\t\t\t\n\t\t\t\t<div id=\"ngg-image-9\" class=\"ngg-gallery-thumbnail-box\n\t\t\t\t\t\t\t\t\t\t\t\"\n\t\t\t>\n\t\t\t\t\t\t<div class=\"ngg-gallery-thumbnail\">\n\t\t\t<a href=\"https:\/\/www.kreisfeuerwehrverband-vechta.de\/wp_KFV_2016\/wp-content\/gallery\/kffest-2016-1\/KFFest-2016007.jpg\"\n\t\t\t\ttitle=\" \"\n\t\t\t\tdata-src=\"https:\/\/www.kreisfeuerwehrverband-vechta.de\/wp_KFV_2016\/wp-content\/gallery\/kffest-2016-1\/KFFest-2016007.jpg\"\n\t\t\t\tdata-thumbnail=\"https:\/\/www.kreisfeuerwehrverband-vechta.de\/wp_KFV_2016\/wp-content\/gallery\/kffest-2016-1\/thumbs\/thumbs_KFFest-2016007.jpg\"\n\t\t\t\tdata-image-id=\"758\"\n\t\t\t\tdata-title=\"KFFest-2016007\"\n\t\t\t\tdata-description=\" \"\n\t\t\t\tdata-image-slug=\"kffest-2016007-2\"\n\t\t\t\t\t\t\t\t\t\t\t\t\t\t\t\t\t\t\t\tclass=\"ngg-fancybox\" rel=\"dd16d69dde5d69d1e4f48946700fdd49\">\n\t\t\t\t\t\t\t\t<img\n\t\t\t\t\ttitle=\"KFFest-2016007\"\n\t\t\t\t\talt=\"KFFest-2016007\"\n\t\t\t\t\tsrc=\"https:\/\/www.kreisfeuerwehrverband-vechta.de\/wp_KFV_2016\/wp-content\/gallery\/kffest-2016-1\/thumbs\/thumbs_KFFest-2016007.jpg\"\n\t\t\t\t\twidth=\"240\"\n\t\t\t\t\theight=\"160\"\n\t\t\t\t\tstyle=\"max-width:100%;\"\n\t\t\t\t\/>\n\t\t\t<\/a>\n\t\t<\/div>\n\t\t\t\t\t\t\t<\/div>\n\t\t\t\n\t\t\t\t<div id=\"ngg-image-10\" class=\"ngg-gallery-thumbnail-box\n\t\t\t\t\t\t\t\t\t\t\t\"\n\t\t\t>\n\t\t\t\t\t\t<div class=\"ngg-gallery-thumbnail\">\n\t\t\t<a href=\"https:\/\/www.kreisfeuerwehrverband-vechta.de\/wp_KFV_2016\/wp-content\/gallery\/kffest-2016-1\/KFFest-2016008.jpg\"\n\t\t\t\ttitle=\" \"\n\t\t\t\tdata-src=\"https:\/\/www.kreisfeuerwehrverband-vechta.de\/wp_KFV_2016\/wp-content\/gallery\/kffest-2016-1\/KFFest-2016008.jpg\"\n\t\t\t\tdata-thumbnail=\"https:\/\/www.kreisfeuerwehrverband-vechta.de\/wp_KFV_2016\/wp-content\/gallery\/kffest-2016-1\/thumbs\/thumbs_KFFest-2016008.jpg\"\n\t\t\t\tdata-image-id=\"759\"\n\t\t\t\tdata-title=\"KFFest-2016008\"\n\t\t\t\tdata-description=\" \"\n\t\t\t\tdata-image-slug=\"kffest-2016008-2\"\n\t\t\t\t\t\t\t\t\t\t\t\t\t\t\t\t\t\t\t\tclass=\"ngg-fancybox\" rel=\"dd16d69dde5d69d1e4f48946700fdd49\">\n\t\t\t\t\t\t\t\t<img\n\t\t\t\t\ttitle=\"KFFest-2016008\"\n\t\t\t\t\talt=\"KFFest-2016008\"\n\t\t\t\t\tsrc=\"https:\/\/www.kreisfeuerwehrverband-vechta.de\/wp_KFV_2016\/wp-content\/gallery\/kffest-2016-1\/thumbs\/thumbs_KFFest-2016008.jpg\"\n\t\t\t\t\twidth=\"240\"\n\t\t\t\t\theight=\"160\"\n\t\t\t\t\tstyle=\"max-width:100%;\"\n\t\t\t\t\/>\n\t\t\t<\/a>\n\t\t<\/div>\n\t\t\t\t\t\t\t<\/div>\n\t\t\t\n\t\t\t\t<div id=\"ngg-image-11\" class=\"ngg-gallery-thumbnail-box\n\t\t\t\t\t\t\t\t\t\t\t\"\n\t\t\t>\n\t\t\t\t\t\t<div class=\"ngg-gallery-thumbnail\">\n\t\t\t<a href=\"https:\/\/www.kreisfeuerwehrverband-vechta.de\/wp_KFV_2016\/wp-content\/gallery\/kffest-2016-1\/KFFest-2016009.jpg\"\n\t\t\t\ttitle=\" \"\n\t\t\t\tdata-src=\"https:\/\/www.kreisfeuerwehrverband-vechta.de\/wp_KFV_2016\/wp-content\/gallery\/kffest-2016-1\/KFFest-2016009.jpg\"\n\t\t\t\tdata-thumbnail=\"https:\/\/www.kreisfeuerwehrverband-vechta.de\/wp_KFV_2016\/wp-content\/gallery\/kffest-2016-1\/thumbs\/thumbs_KFFest-2016009.jpg\"\n\t\t\t\tdata-image-id=\"760\"\n\t\t\t\tdata-title=\"KFFest-2016009\"\n\t\t\t\tdata-description=\" \"\n\t\t\t\tdata-image-slug=\"kffest-2016009-2\"\n\t\t\t\t\t\t\t\t\t\t\t\t\t\t\t\t\t\t\t\tclass=\"ngg-fancybox\" rel=\"dd16d69dde5d69d1e4f48946700fdd49\">\n\t\t\t\t\t\t\t\t<img\n\t\t\t\t\ttitle=\"KFFest-2016009\"\n\t\t\t\t\talt=\"KFFest-2016009\"\n\t\t\t\t\tsrc=\"https:\/\/www.kreisfeuerwehrverband-vechta.de\/wp_KFV_2016\/wp-content\/gallery\/kffest-2016-1\/thumbs\/thumbs_KFFest-2016009.jpg\"\n\t\t\t\t\twidth=\"240\"\n\t\t\t\t\theight=\"160\"\n\t\t\t\t\tstyle=\"max-width:100%;\"\n\t\t\t\t\/>\n\t\t\t<\/a>\n\t\t<\/div>\n\t\t\t\t\t\t\t<\/div>\n\t\t\t\n\t\t\t\t<div id=\"ngg-image-12\" class=\"ngg-gallery-thumbnail-box\n\t\t\t\t\t\t\t\t\t\t\t\"\n\t\t\t>\n\t\t\t\t\t\t<div class=\"ngg-gallery-thumbnail\">\n\t\t\t<a href=\"https:\/\/www.kreisfeuerwehrverband-vechta.de\/wp_KFV_2016\/wp-content\/gallery\/kffest-2016-1\/KFFest-2016010.jpg\"\n\t\t\t\ttitle=\" \"\n\t\t\t\tdata-src=\"https:\/\/www.kreisfeuerwehrverband-vechta.de\/wp_KFV_2016\/wp-content\/gallery\/kffest-2016-1\/KFFest-2016010.jpg\"\n\t\t\t\tdata-thumbnail=\"https:\/\/www.kreisfeuerwehrverband-vechta.de\/wp_KFV_2016\/wp-content\/gallery\/kffest-2016-1\/thumbs\/thumbs_KFFest-2016010.jpg\"\n\t\t\t\tdata-image-id=\"761\"\n\t\t\t\tdata-title=\"KFFest-2016010\"\n\t\t\t\tdata-description=\" \"\n\t\t\t\tdata-image-slug=\"kffest-2016010-2\"\n\t\t\t\t\t\t\t\t\t\t\t\t\t\t\t\t\t\t\t\tclass=\"ngg-fancybox\" rel=\"dd16d69dde5d69d1e4f48946700fdd49\">\n\t\t\t\t\t\t\t\t<img\n\t\t\t\t\ttitle=\"KFFest-2016010\"\n\t\t\t\t\talt=\"KFFest-2016010\"\n\t\t\t\t\tsrc=\"https:\/\/www.kreisfeuerwehrverband-vechta.de\/wp_KFV_2016\/wp-content\/gallery\/kffest-2016-1\/thumbs\/thumbs_KFFest-2016010.jpg\"\n\t\t\t\t\twidth=\"240\"\n\t\t\t\t\theight=\"160\"\n\t\t\t\t\tstyle=\"max-width:100%;\"\n\t\t\t\t\/>\n\t\t\t<\/a>\n\t\t<\/div>\n\t\t\t\t\t\t\t<\/div>\n\t\t\t\n\t\t\t\t<div id=\"ngg-image-13\" class=\"ngg-gallery-thumbnail-box\n\t\t\t\t\t\t\t\t\t\t\t\"\n\t\t\t>\n\t\t\t\t\t\t<div class=\"ngg-gallery-thumbnail\">\n\t\t\t<a href=\"https:\/\/www.kreisfeuerwehrverband-vechta.de\/wp_KFV_2016\/wp-content\/gallery\/kffest-2016-1\/KFFest-2016011.jpg\"\n\t\t\t\ttitle=\" \"\n\t\t\t\tdata-src=\"https:\/\/www.kreisfeuerwehrverband-vechta.de\/wp_KFV_2016\/wp-content\/gallery\/kffest-2016-1\/KFFest-2016011.jpg\"\n\t\t\t\tdata-thumbnail=\"https:\/\/www.kreisfeuerwehrverband-vechta.de\/wp_KFV_2016\/wp-content\/gallery\/kffest-2016-1\/thumbs\/thumbs_KFFest-2016011.jpg\"\n\t\t\t\tdata-image-id=\"762\"\n\t\t\t\tdata-title=\"KFFest-2016011\"\n\t\t\t\tdata-description=\" \"\n\t\t\t\tdata-image-slug=\"kffest-2016011-2\"\n\t\t\t\t\t\t\t\t\t\t\t\t\t\t\t\t\t\t\t\tclass=\"ngg-fancybox\" rel=\"dd16d69dde5d69d1e4f48946700fdd49\">\n\t\t\t\t\t\t\t\t<img\n\t\t\t\t\ttitle=\"KFFest-2016011\"\n\t\t\t\t\talt=\"KFFest-2016011\"\n\t\t\t\t\tsrc=\"https:\/\/www.kreisfeuerwehrverband-vechta.de\/wp_KFV_2016\/wp-content\/gallery\/kffest-2016-1\/thumbs\/thumbs_KFFest-2016011.jpg\"\n\t\t\t\t\twidth=\"240\"\n\t\t\t\t\theight=\"160\"\n\t\t\t\t\tstyle=\"max-width:100%;\"\n\t\t\t\t\/>\n\t\t\t<\/a>\n\t\t<\/div>\n\t\t\t\t\t\t\t<\/div>\n\t\t\t\n\t\t\t\t<div id=\"ngg-image-14\" class=\"ngg-gallery-thumbnail-box\n\t\t\t\t\t\t\t\t\t\t\t\"\n\t\t\t>\n\t\t\t\t\t\t<div class=\"ngg-gallery-thumbnail\">\n\t\t\t<a href=\"https:\/\/www.kreisfeuerwehrverband-vechta.de\/wp_KFV_2016\/wp-content\/gallery\/kffest-2016-1\/KFFest-2016012.jpg\"\n\t\t\t\ttitle=\" \"\n\t\t\t\tdata-src=\"https:\/\/www.kreisfeuerwehrverband-vechta.de\/wp_KFV_2016\/wp-content\/gallery\/kffest-2016-1\/KFFest-2016012.jpg\"\n\t\t\t\tdata-thumbnail=\"https:\/\/www.kreisfeuerwehrverband-vechta.de\/wp_KFV_2016\/wp-content\/gallery\/kffest-2016-1\/thumbs\/thumbs_KFFest-2016012.jpg\"\n\t\t\t\tdata-image-id=\"763\"\n\t\t\t\tdata-title=\"KFFest-2016012\"\n\t\t\t\tdata-description=\" \"\n\t\t\t\tdata-image-slug=\"kffest-2016012-2\"\n\t\t\t\t\t\t\t\t\t\t\t\t\t\t\t\t\t\t\t\tclass=\"ngg-fancybox\" rel=\"dd16d69dde5d69d1e4f48946700fdd49\">\n\t\t\t\t\t\t\t\t<img\n\t\t\t\t\ttitle=\"KFFest-2016012\"\n\t\t\t\t\talt=\"KFFest-2016012\"\n\t\t\t\t\tsrc=\"https:\/\/www.kreisfeuerwehrverband-vechta.de\/wp_KFV_2016\/wp-content\/gallery\/kffest-2016-1\/thumbs\/thumbs_KFFest-2016012.jpg\"\n\t\t\t\t\twidth=\"240\"\n\t\t\t\t\theight=\"160\"\n\t\t\t\t\tstyle=\"max-width:100%;\"\n\t\t\t\t\/>\n\t\t\t<\/a>\n\t\t<\/div>\n\t\t\t\t\t\t\t<\/div>\n\t\t\t\n\t\t\t\t<div id=\"ngg-image-15\" class=\"ngg-gallery-thumbnail-box\n\t\t\t\t\t\t\t\t\t\t\t\"\n\t\t\t>\n\t\t\t\t\t\t<div class=\"ngg-gallery-thumbnail\">\n\t\t\t<a href=\"https:\/\/www.kreisfeuerwehrverband-vechta.de\/wp_KFV_2016\/wp-content\/gallery\/kffest-2016-1\/KFF2016_1004-1.jpg\"\n\t\t\t\ttitle=\"\"\n\t\t\t\tdata-src=\"https:\/\/www.kreisfeuerwehrverband-vechta.de\/wp_KFV_2016\/wp-content\/gallery\/kffest-2016-1\/KFF2016_1004-1.jpg\"\n\t\t\t\tdata-thumbnail=\"https:\/\/www.kreisfeuerwehrverband-vechta.de\/wp_KFV_2016\/wp-content\/gallery\/kffest-2016-1\/thumbs\/thumbs_KFF2016_1004-1.jpg\"\n\t\t\t\tdata-image-id=\"787\"\n\t\t\t\tdata-title=\"KFF2016_1004\"\n\t\t\t\tdata-description=\"\"\n\t\t\t\tdata-image-slug=\"kff2016_1004\"\n\t\t\t\t\t\t\t\t\t\t\t\t\t\t\t\t\t\t\t\tclass=\"ngg-fancybox\" rel=\"dd16d69dde5d69d1e4f48946700fdd49\">\n\t\t\t\t\t\t\t\t<img\n\t\t\t\t\ttitle=\"KFF2016_1004\"\n\t\t\t\t\talt=\"KFF2016_1004\"\n\t\t\t\t\tsrc=\"https:\/\/www.kreisfeuerwehrverband-vechta.de\/wp_KFV_2016\/wp-content\/gallery\/kffest-2016-1\/thumbs\/thumbs_KFF2016_1004-1.jpg\"\n\t\t\t\t\twidth=\"240\"\n\t\t\t\t\theight=\"160\"\n\t\t\t\t\tstyle=\"max-width:100%;\"\n\t\t\t\t\/>\n\t\t\t<\/a>\n\t\t<\/div>\n\t\t\t\t\t\t\t<\/div>\n\t\t\t\n\t\t\t\t<div id=\"ngg-image-16\" class=\"ngg-gallery-thumbnail-box\n\t\t\t\t\t\t\t\t\t\t\t\"\n\t\t\t>\n\t\t\t\t\t\t<div class=\"ngg-gallery-thumbnail\">\n\t\t\t<a href=\"https:\/\/www.kreisfeuerwehrverband-vechta.de\/wp_KFV_2016\/wp-content\/gallery\/kffest-2016-1\/KFFest-2016013.jpg\"\n\t\t\t\ttitle=\" \"\n\t\t\t\tdata-src=\"https:\/\/www.kreisfeuerwehrverband-vechta.de\/wp_KFV_2016\/wp-content\/gallery\/kffest-2016-1\/KFFest-2016013.jpg\"\n\t\t\t\tdata-thumbnail=\"https:\/\/www.kreisfeuerwehrverband-vechta.de\/wp_KFV_2016\/wp-content\/gallery\/kffest-2016-1\/thumbs\/thumbs_KFFest-2016013.jpg\"\n\t\t\t\tdata-image-id=\"764\"\n\t\t\t\tdata-title=\"KFFest-2016013\"\n\t\t\t\tdata-description=\" \"\n\t\t\t\tdata-image-slug=\"kffest-2016013-2\"\n\t\t\t\t\t\t\t\t\t\t\t\t\t\t\t\t\t\t\t\tclass=\"ngg-fancybox\" rel=\"dd16d69dde5d69d1e4f48946700fdd49\">\n\t\t\t\t\t\t\t\t<img\n\t\t\t\t\ttitle=\"KFFest-2016013\"\n\t\t\t\t\talt=\"KFFest-2016013\"\n\t\t\t\t\tsrc=\"https:\/\/www.kreisfeuerwehrverband-vechta.de\/wp_KFV_2016\/wp-content\/gallery\/kffest-2016-1\/thumbs\/thumbs_KFFest-2016013.jpg\"\n\t\t\t\t\twidth=\"240\"\n\t\t\t\t\theight=\"160\"\n\t\t\t\t\tstyle=\"max-width:100%;\"\n\t\t\t\t\/>\n\t\t\t<\/a>\n\t\t<\/div>\n\t\t\t\t\t\t\t<\/div>\n\t\t\t\n\t\t\t\t<div id=\"ngg-image-17\" class=\"ngg-gallery-thumbnail-box\n\t\t\t\t\t\t\t\t\t\t\t\"\n\t\t\t>\n\t\t\t\t\t\t<div class=\"ngg-gallery-thumbnail\">\n\t\t\t<a href=\"https:\/\/www.kreisfeuerwehrverband-vechta.de\/wp_KFV_2016\/wp-content\/gallery\/kffest-2016-1\/KFFest-2016014.jpg\"\n\t\t\t\ttitle=\" \"\n\t\t\t\tdata-src=\"https:\/\/www.kreisfeuerwehrverband-vechta.de\/wp_KFV_2016\/wp-content\/gallery\/kffest-2016-1\/KFFest-2016014.jpg\"\n\t\t\t\tdata-thumbnail=\"https:\/\/www.kreisfeuerwehrverband-vechta.de\/wp_KFV_2016\/wp-content\/gallery\/kffest-2016-1\/thumbs\/thumbs_KFFest-2016014.jpg\"\n\t\t\t\tdata-image-id=\"765\"\n\t\t\t\tdata-title=\"KFFest-2016014\"\n\t\t\t\tdata-description=\" \"\n\t\t\t\tdata-image-slug=\"kffest-2016014-2\"\n\t\t\t\t\t\t\t\t\t\t\t\t\t\t\t\t\t\t\t\tclass=\"ngg-fancybox\" rel=\"dd16d69dde5d69d1e4f48946700fdd49\">\n\t\t\t\t\t\t\t\t<img\n\t\t\t\t\ttitle=\"KFFest-2016014\"\n\t\t\t\t\talt=\"KFFest-2016014\"\n\t\t\t\t\tsrc=\"https:\/\/www.kreisfeuerwehrverband-vechta.de\/wp_KFV_2016\/wp-content\/gallery\/kffest-2016-1\/thumbs\/thumbs_KFFest-2016014.jpg\"\n\t\t\t\t\twidth=\"240\"\n\t\t\t\t\theight=\"160\"\n\t\t\t\t\tstyle=\"max-width:100%;\"\n\t\t\t\t\/>\n\t\t\t<\/a>\n\t\t<\/div>\n\t\t\t\t\t\t\t<\/div>\n\t\t\t\n\t\t\t\t<div id=\"ngg-image-18\" class=\"ngg-gallery-thumbnail-box\n\t\t\t\t\t\t\t\t\t\t\t\"\n\t\t\t>\n\t\t\t\t\t\t<div class=\"ngg-gallery-thumbnail\">\n\t\t\t<a href=\"https:\/\/www.kreisfeuerwehrverband-vechta.de\/wp_KFV_2016\/wp-content\/gallery\/kffest-2016-1\/KFFest-2016015.jpg\"\n\t\t\t\ttitle=\"\"\n\t\t\t\tdata-src=\"https:\/\/www.kreisfeuerwehrverband-vechta.de\/wp_KFV_2016\/wp-content\/gallery\/kffest-2016-1\/KFFest-2016015.jpg\"\n\t\t\t\tdata-thumbnail=\"https:\/\/www.kreisfeuerwehrverband-vechta.de\/wp_KFV_2016\/wp-content\/gallery\/kffest-2016-1\/thumbs\/thumbs_KFFest-2016015.jpg\"\n\t\t\t\tdata-image-id=\"766\"\n\t\t\t\tdata-title=\"KFFest-2016015\"\n\t\t\t\tdata-description=\"\"\n\t\t\t\tdata-image-slug=\"kffest-2016015-1\"\n\t\t\t\t\t\t\t\t\t\t\t\t\t\t\t\t\t\t\t\tclass=\"ngg-fancybox\" rel=\"dd16d69dde5d69d1e4f48946700fdd49\">\n\t\t\t\t\t\t\t\t<img\n\t\t\t\t\ttitle=\"KFFest-2016015\"\n\t\t\t\t\talt=\"KFFest-2016015\"\n\t\t\t\t\tsrc=\"https:\/\/www.kreisfeuerwehrverband-vechta.de\/wp_KFV_2016\/wp-content\/gallery\/kffest-2016-1\/thumbs\/thumbs_KFFest-2016015.jpg\"\n\t\t\t\t\twidth=\"240\"\n\t\t\t\t\theight=\"160\"\n\t\t\t\t\tstyle=\"max-width:100%;\"\n\t\t\t\t\/>\n\t\t\t<\/a>\n\t\t<\/div>\n\t\t\t\t\t\t\t<\/div>\n\t\t\t\n\t\t\t\t<div id=\"ngg-image-19\" class=\"ngg-gallery-thumbnail-box\n\t\t\t\t\t\t\t\t\t\t\t\"\n\t\t\t>\n\t\t\t\t\t\t<div class=\"ngg-gallery-thumbnail\">\n\t\t\t<a href=\"https:\/\/www.kreisfeuerwehrverband-vechta.de\/wp_KFV_2016\/wp-content\/gallery\/kffest-2016-1\/KFFest-2016016.jpg\"\n\t\t\t\ttitle=\"\"\n\t\t\t\tdata-src=\"https:\/\/www.kreisfeuerwehrverband-vechta.de\/wp_KFV_2016\/wp-content\/gallery\/kffest-2016-1\/KFFest-2016016.jpg\"\n\t\t\t\tdata-thumbnail=\"https:\/\/www.kreisfeuerwehrverband-vechta.de\/wp_KFV_2016\/wp-content\/gallery\/kffest-2016-1\/thumbs\/thumbs_KFFest-2016016.jpg\"\n\t\t\t\tdata-image-id=\"767\"\n\t\t\t\tdata-title=\"KFFest-2016016\"\n\t\t\t\tdata-description=\"\"\n\t\t\t\tdata-image-slug=\"kffest-2016016-1\"\n\t\t\t\t\t\t\t\t\t\t\t\t\t\t\t\t\t\t\t\tclass=\"ngg-fancybox\" rel=\"dd16d69dde5d69d1e4f48946700fdd49\">\n\t\t\t\t\t\t\t\t<img\n\t\t\t\t\ttitle=\"KFFest-2016016\"\n\t\t\t\t\talt=\"KFFest-2016016\"\n\t\t\t\t\tsrc=\"https:\/\/www.kreisfeuerwehrverband-vechta.de\/wp_KFV_2016\/wp-content\/gallery\/kffest-2016-1\/thumbs\/thumbs_KFFest-2016016.jpg\"\n\t\t\t\t\twidth=\"240\"\n\t\t\t\t\theight=\"160\"\n\t\t\t\t\tstyle=\"max-width:100%;\"\n\t\t\t\t\/>\n\t\t\t<\/a>\n\t\t<\/div>\n\t\t\t\t\t\t\t<\/div>\n\t\t\t\n\t\n\t<br style=\"clear: both\" \/>\n\n\t\n\t\t<!-- Pagination -->\n\t\t<div class='ngg-navigation'><span class='current'>1<\/span>\n<a class='page-numbers' data-pageid='2' href='https:\/\/www.kreisfeuerwehrverband-vechta.de\/index.php\/nggallery\/page\/2?p=3340'>2<\/a>\n<a class='prev' href='https:\/\/www.kreisfeuerwehrverband-vechta.de\/index.php\/nggallery\/page\/2?p=3340' data-pageid=\"2\">&#9658;<\/a><\/div>\t<\/div>\n<\/p>\n","protected":false},"excerpt":{"rendered":"<p>Kreisfeuerwehrfest 2016 in Damme Damme\/Landkreis Vechta. Etwa 400 Feuerwehrkameraden und Kameradinnen fanden sich beim Kreisfeuerwehrfest im Festzelt im Damme zusammen. Neben dem Kreisfeuerwehrfest fand auch gleichzeitig die Jubil\u00e4umsfeier zum 125j\u00e4hrigen Jubil\u00e4um der Feuerwehr Damme statt. W\u00e4hrend der Samstag ganz im<\/p>\n","protected":false},"author":1,"featured_media":3406,"comment_status":"closed","ping_status":"closed","sticky":false,"template":"","format":"standard","meta":{"ngg_post_thumbnail":0,"footnotes":""},"categories":[1],"tags":[],"class_list":["post-3340","post","type-post","status-publish","format-standard","has-post-thumbnail","hentry","category-kreisfeuerwehrverband"],"_links":{"self":[{"href":"https:\/\/www.kreisfeuerwehrverband-vechta.de\/index.php?rest_route=\/wp\/v2\/posts\/3340","targetHints":{"allow":["GET"]}}],"collection":[{"href":"https:\/\/www.kreisfeuerwehrverband-vechta.de\/index.php?rest_route=\/wp\/v2\/posts"}],"about":[{"href":"https:\/\/www.kreisfeuerwehrverband-vechta.de\/index.php?rest_route=\/wp\/v2\/types\/post"}],"author":[{"embeddable":true,"href":"https:\/\/www.kreisfeuerwehrverband-vechta.de\/index.php?rest_route=\/wp\/v2\/users\/1"}],"replies":[{"embeddable":true,"href":"https:\/\/www.kreisfeuerwehrverband-vechta.de\/index.php?rest_route=%2Fwp%2Fv2%2Fcomments&post=3340"}],"version-history":[{"count":0,"href":"https:\/\/www.kreisfeuerwehrverband-vechta.de\/index.php?rest_route=\/wp\/v2\/posts\/3340\/revisions"}],"wp:featuredmedia":[{"embeddable":true,"href":"https:\/\/www.kreisfeuerwehrverband-vechta.de\/index.php?rest_route=\/wp\/v2\/media\/3406"}],"wp:attachment":[{"href":"https:\/\/www.kreisfeuerwehrverband-vechta.de\/index.php?rest_route=%2Fwp%2Fv2%2Fmedia&parent=3340"}],"wp:term":[{"taxonomy":"category","embeddable":true,"href":"https:\/\/www.kreisfeuerwehrverband-vechta.de\/index.php?rest_route=%2Fwp%2Fv2%2Fcategories&post=3340"},{"taxonomy":"post_tag","embeddable":true,"href":"https:\/\/www.kreisfeuerwehrverband-vechta.de\/index.php?rest_route=%2Fwp%2Fv2%2Ftags&post=3340"}],"curies":[{"name":"wp","href":"https:\/\/api.w.org\/{rel}","templated":true}]}}