{"id":1162,"date":"2016-03-27T19:25:32","date_gmt":"2016-03-27T17:25:32","guid":{"rendered":"http:\/\/www.kreisfeuerwehrverband-vechta.de\/?p=1162"},"modified":"2016-04-22T16:11:11","modified_gmt":"2016-04-22T14:11:11","slug":"02-03-2016-weiterbildungsfahrt-fuehrte-nach-schlingmann-und-dr-oetker","status":"publish","type":"post","link":"https:\/\/www.kreisfeuerwehrverband-vechta.de\/?p=1162","title":{"rendered":"02.03.2016 Weiterbildungsfahrt f\u00fchrte zu Schlingmann und Dr. Oetker"},"content":{"rendered":"<p><strong>Vechta\/Dissen\/Bielefeld<\/strong>. Die diesj\u00e4hrige Weiterbildungsfahrt der F\u00fchrungskr\u00e4fte der Feuerwehren des Landkreises Vechta f\u00fchrte am Vormittag zur Firma Schlingmann Feuerwehrfahrzeugbau in Dissen. Dort angekommen, konnte nach einer kurzen Pause der Blick in die Fertigungshallen geworfen werden und Teile der Fahrzeugproduktions besichtig werden. Die Firma Schlingmann selbst z\u00e4hlt zu den gr\u00f6\u00dften Herstellern von Feuerwehrfahrzeugen in Deutschland und besch\u00e4ftigt derzeit ca. 130 Mitarbeiter an vier Standorten. Das Familiengef\u00fchrte Unternehmen geht zur\u00fcck bis in das Jahr 1880 und begann mit einer Stellmacherei im Bereich Kutschwagen. Im Anschluss ging es zu der Firma Dr. Oetker, Bielefeld ebenfalls ein Familiengef\u00fchrtes Unternehmen, welches in diesem Jahr auf ein 125j\u00e4hriges Bestehen zur\u00fcck blicken kann. Bei einer gef\u00fchrten Betriebsbesichtigung konnte der Bereich von der Entstehung der Marke Dr. Oetker bis zum heutigen Tage mit recht anschaulichen Beispielen verfolgt werden. Der Abschluss f\u00fchrte in das Feuerwehrhaus der Freiwilligen Feuerwehr Damme.<\/p>\n<p><span style=\"font-size: 10pt;\">Text und Bild: R. Ahlers KPW<\/span><br \/>\n<!-- default-view.php -->\n<div\n\tclass=\"ngg-galleryoverview default-view\n\t ngg-ajax-pagination-none\t\"\n\tid=\"ngg-gallery-6316be83c27ce736f7ab60d88365f8fd-1\"\n\tdata-gallery-id=\"38\">\n\n\t\t<!-- Thumbnails -->\n\t\t\t\t<div id=\"ngg-image-0\" class=\"ngg-gallery-thumbnail-box\n\t\t\t\t\t\t\t\t\t\t\t\"\n\t\t\t>\n\t\t\t\t\t\t<div class=\"ngg-gallery-thumbnail\">\n\t\t\t<a href=\"https:\/\/www.kreisfeuerwehrverband-vechta.de\/wp_KFV_2016\/wp-content\/gallery\/weiterbildung_2016\/Weiterbildungsfahrt%202016_001.jpg\"\n\t\t\t\ttitle=\"\"\n\t\t\t\tdata-src=\"https:\/\/www.kreisfeuerwehrverband-vechta.de\/wp_KFV_2016\/wp-content\/gallery\/weiterbildung_2016\/Weiterbildungsfahrt%202016_001.jpg\"\n\t\t\t\tdata-thumbnail=\"https:\/\/www.kreisfeuerwehrverband-vechta.de\/wp_KFV_2016\/wp-content\/gallery\/weiterbildung_2016\/thumbs\/thumbs_Weiterbildungsfahrt%202016_001.jpg\"\n\t\t\t\tdata-image-id=\"262\"\n\t\t\t\tdata-title=\"Weiterbildungsfahrt 2016_001\"\n\t\t\t\tdata-description=\"\"\n\t\t\t\tdata-image-slug=\"weiterbildungsfahrt-2016_001\"\n\t\t\t\t\t\t\t\t\t\t\t\t\t\t\t\t\t\t\t\tclass=\"ngg-fancybox\" rel=\"6316be83c27ce736f7ab60d88365f8fd\">\n\t\t\t\t\t\t\t\t<img\n\t\t\t\t\ttitle=\"Weiterbildungsfahrt 2016_001\"\n\t\t\t\t\talt=\"Weiterbildungsfahrt 2016_001\"\n\t\t\t\t\tsrc=\"https:\/\/www.kreisfeuerwehrverband-vechta.de\/wp_KFV_2016\/wp-content\/gallery\/weiterbildung_2016\/thumbs\/thumbs_Weiterbildungsfahrt%202016_001.jpg\"\n\t\t\t\t\twidth=\"240\"\n\t\t\t\t\theight=\"160\"\n\t\t\t\t\tstyle=\"max-width:100%;\"\n\t\t\t\t\/>\n\t\t\t<\/a>\n\t\t<\/div>\n\t\t\t\t\t\t\t<\/div>\n\t\t\t\n\t\t\t\t<div id=\"ngg-image-1\" class=\"ngg-gallery-thumbnail-box\n\t\t\t\t\t\t\t\t\t\t\t\"\n\t\t\t>\n\t\t\t\t\t\t<div class=\"ngg-gallery-thumbnail\">\n\t\t\t<a href=\"https:\/\/www.kreisfeuerwehrverband-vechta.de\/wp_KFV_2016\/wp-content\/gallery\/weiterbildung_2016\/Weiterbildungsfahrt%202016_002.jpg\"\n\t\t\t\ttitle=\"\"\n\t\t\t\tdata-src=\"https:\/\/www.kreisfeuerwehrverband-vechta.de\/wp_KFV_2016\/wp-content\/gallery\/weiterbildung_2016\/Weiterbildungsfahrt%202016_002.jpg\"\n\t\t\t\tdata-thumbnail=\"https:\/\/www.kreisfeuerwehrverband-vechta.de\/wp_KFV_2016\/wp-content\/gallery\/weiterbildung_2016\/thumbs\/thumbs_Weiterbildungsfahrt%202016_002.jpg\"\n\t\t\t\tdata-image-id=\"263\"\n\t\t\t\tdata-title=\"Weiterbildungsfahrt 2016_002\"\n\t\t\t\tdata-description=\"\"\n\t\t\t\tdata-image-slug=\"weiterbildungsfahrt-2016_002\"\n\t\t\t\t\t\t\t\t\t\t\t\t\t\t\t\t\t\t\t\tclass=\"ngg-fancybox\" rel=\"6316be83c27ce736f7ab60d88365f8fd\">\n\t\t\t\t\t\t\t\t<img\n\t\t\t\t\ttitle=\"Weiterbildungsfahrt 2016_002\"\n\t\t\t\t\talt=\"Weiterbildungsfahrt 2016_002\"\n\t\t\t\t\tsrc=\"https:\/\/www.kreisfeuerwehrverband-vechta.de\/wp_KFV_2016\/wp-content\/gallery\/weiterbildung_2016\/thumbs\/thumbs_Weiterbildungsfahrt%202016_002.jpg\"\n\t\t\t\t\twidth=\"240\"\n\t\t\t\t\theight=\"160\"\n\t\t\t\t\tstyle=\"max-width:100%;\"\n\t\t\t\t\/>\n\t\t\t<\/a>\n\t\t<\/div>\n\t\t\t\t\t\t\t<\/div>\n\t\t\t\n\t\t\t\t<div id=\"ngg-image-2\" class=\"ngg-gallery-thumbnail-box\n\t\t\t\t\t\t\t\t\t\t\t\"\n\t\t\t>\n\t\t\t\t\t\t<div class=\"ngg-gallery-thumbnail\">\n\t\t\t<a href=\"https:\/\/www.kreisfeuerwehrverband-vechta.de\/wp_KFV_2016\/wp-content\/gallery\/weiterbildung_2016\/Weiterbildungsfahrt%202016_003.jpg\"\n\t\t\t\ttitle=\"\"\n\t\t\t\tdata-src=\"https:\/\/www.kreisfeuerwehrverband-vechta.de\/wp_KFV_2016\/wp-content\/gallery\/weiterbildung_2016\/Weiterbildungsfahrt%202016_003.jpg\"\n\t\t\t\tdata-thumbnail=\"https:\/\/www.kreisfeuerwehrverband-vechta.de\/wp_KFV_2016\/wp-content\/gallery\/weiterbildung_2016\/thumbs\/thumbs_Weiterbildungsfahrt%202016_003.jpg\"\n\t\t\t\tdata-image-id=\"264\"\n\t\t\t\tdata-title=\"Weiterbildungsfahrt 2016_003\"\n\t\t\t\tdata-description=\"\"\n\t\t\t\tdata-image-slug=\"weiterbildungsfahrt-2016_003\"\n\t\t\t\t\t\t\t\t\t\t\t\t\t\t\t\t\t\t\t\tclass=\"ngg-fancybox\" rel=\"6316be83c27ce736f7ab60d88365f8fd\">\n\t\t\t\t\t\t\t\t<img\n\t\t\t\t\ttitle=\"Weiterbildungsfahrt 2016_003\"\n\t\t\t\t\talt=\"Weiterbildungsfahrt 2016_003\"\n\t\t\t\t\tsrc=\"https:\/\/www.kreisfeuerwehrverband-vechta.de\/wp_KFV_2016\/wp-content\/gallery\/weiterbildung_2016\/thumbs\/thumbs_Weiterbildungsfahrt%202016_003.jpg\"\n\t\t\t\t\twidth=\"240\"\n\t\t\t\t\theight=\"160\"\n\t\t\t\t\tstyle=\"max-width:100%;\"\n\t\t\t\t\/>\n\t\t\t<\/a>\n\t\t<\/div>\n\t\t\t\t\t\t\t<\/div>\n\t\t\t\n\t\t\t\t<div id=\"ngg-image-3\" class=\"ngg-gallery-thumbnail-box\n\t\t\t\t\t\t\t\t\t\t\t\"\n\t\t\t>\n\t\t\t\t\t\t<div class=\"ngg-gallery-thumbnail\">\n\t\t\t<a href=\"https:\/\/www.kreisfeuerwehrverband-vechta.de\/wp_KFV_2016\/wp-content\/gallery\/weiterbildung_2016\/Weiterbildungsfahrt%202016_004.jpg\"\n\t\t\t\ttitle=\"\"\n\t\t\t\tdata-src=\"https:\/\/www.kreisfeuerwehrverband-vechta.de\/wp_KFV_2016\/wp-content\/gallery\/weiterbildung_2016\/Weiterbildungsfahrt%202016_004.jpg\"\n\t\t\t\tdata-thumbnail=\"https:\/\/www.kreisfeuerwehrverband-vechta.de\/wp_KFV_2016\/wp-content\/gallery\/weiterbildung_2016\/thumbs\/thumbs_Weiterbildungsfahrt%202016_004.jpg\"\n\t\t\t\tdata-image-id=\"265\"\n\t\t\t\tdata-title=\"Weiterbildungsfahrt 2016_004\"\n\t\t\t\tdata-description=\"\"\n\t\t\t\tdata-image-slug=\"weiterbildungsfahrt-2016_004\"\n\t\t\t\t\t\t\t\t\t\t\t\t\t\t\t\t\t\t\t\tclass=\"ngg-fancybox\" rel=\"6316be83c27ce736f7ab60d88365f8fd\">\n\t\t\t\t\t\t\t\t<img\n\t\t\t\t\ttitle=\"Weiterbildungsfahrt 2016_004\"\n\t\t\t\t\talt=\"Weiterbildungsfahrt 2016_004\"\n\t\t\t\t\tsrc=\"https:\/\/www.kreisfeuerwehrverband-vechta.de\/wp_KFV_2016\/wp-content\/gallery\/weiterbildung_2016\/thumbs\/thumbs_Weiterbildungsfahrt%202016_004.jpg\"\n\t\t\t\t\twidth=\"240\"\n\t\t\t\t\theight=\"160\"\n\t\t\t\t\tstyle=\"max-width:100%;\"\n\t\t\t\t\/>\n\t\t\t<\/a>\n\t\t<\/div>\n\t\t\t\t\t\t\t<\/div>\n\t\t\t\n\t\t\t\t<div id=\"ngg-image-4\" class=\"ngg-gallery-thumbnail-box\n\t\t\t\t\t\t\t\t\t\t\t\"\n\t\t\t>\n\t\t\t\t\t\t<div class=\"ngg-gallery-thumbnail\">\n\t\t\t<a href=\"https:\/\/www.kreisfeuerwehrverband-vechta.de\/wp_KFV_2016\/wp-content\/gallery\/weiterbildung_2016\/Weiterbildungsfahrt%202016_005.jpg\"\n\t\t\t\ttitle=\"\"\n\t\t\t\tdata-src=\"https:\/\/www.kreisfeuerwehrverband-vechta.de\/wp_KFV_2016\/wp-content\/gallery\/weiterbildung_2016\/Weiterbildungsfahrt%202016_005.jpg\"\n\t\t\t\tdata-thumbnail=\"https:\/\/www.kreisfeuerwehrverband-vechta.de\/wp_KFV_2016\/wp-content\/gallery\/weiterbildung_2016\/thumbs\/thumbs_Weiterbildungsfahrt%202016_005.jpg\"\n\t\t\t\tdata-image-id=\"266\"\n\t\t\t\tdata-title=\"Weiterbildungsfahrt 2016_005\"\n\t\t\t\tdata-description=\"\"\n\t\t\t\tdata-image-slug=\"weiterbildungsfahrt-2016_005\"\n\t\t\t\t\t\t\t\t\t\t\t\t\t\t\t\t\t\t\t\tclass=\"ngg-fancybox\" rel=\"6316be83c27ce736f7ab60d88365f8fd\">\n\t\t\t\t\t\t\t\t<img\n\t\t\t\t\ttitle=\"Weiterbildungsfahrt 2016_005\"\n\t\t\t\t\talt=\"Weiterbildungsfahrt 2016_005\"\n\t\t\t\t\tsrc=\"https:\/\/www.kreisfeuerwehrverband-vechta.de\/wp_KFV_2016\/wp-content\/gallery\/weiterbildung_2016\/thumbs\/thumbs_Weiterbildungsfahrt%202016_005.jpg\"\n\t\t\t\t\twidth=\"240\"\n\t\t\t\t\theight=\"160\"\n\t\t\t\t\tstyle=\"max-width:100%;\"\n\t\t\t\t\/>\n\t\t\t<\/a>\n\t\t<\/div>\n\t\t\t\t\t\t\t<\/div>\n\t\t\t\n\t\t\t\t<div id=\"ngg-image-5\" class=\"ngg-gallery-thumbnail-box\n\t\t\t\t\t\t\t\t\t\t\t\"\n\t\t\t>\n\t\t\t\t\t\t<div class=\"ngg-gallery-thumbnail\">\n\t\t\t<a href=\"https:\/\/www.kreisfeuerwehrverband-vechta.de\/wp_KFV_2016\/wp-content\/gallery\/weiterbildung_2016\/Weiterbildungsfahrt%202016_006.jpg\"\n\t\t\t\ttitle=\"\"\n\t\t\t\tdata-src=\"https:\/\/www.kreisfeuerwehrverband-vechta.de\/wp_KFV_2016\/wp-content\/gallery\/weiterbildung_2016\/Weiterbildungsfahrt%202016_006.jpg\"\n\t\t\t\tdata-thumbnail=\"https:\/\/www.kreisfeuerwehrverband-vechta.de\/wp_KFV_2016\/wp-content\/gallery\/weiterbildung_2016\/thumbs\/thumbs_Weiterbildungsfahrt%202016_006.jpg\"\n\t\t\t\tdata-image-id=\"267\"\n\t\t\t\tdata-title=\"Weiterbildungsfahrt 2016_006\"\n\t\t\t\tdata-description=\"\"\n\t\t\t\tdata-image-slug=\"weiterbildungsfahrt-2016_006\"\n\t\t\t\t\t\t\t\t\t\t\t\t\t\t\t\t\t\t\t\tclass=\"ngg-fancybox\" rel=\"6316be83c27ce736f7ab60d88365f8fd\">\n\t\t\t\t\t\t\t\t<img\n\t\t\t\t\ttitle=\"Weiterbildungsfahrt 2016_006\"\n\t\t\t\t\talt=\"Weiterbildungsfahrt 2016_006\"\n\t\t\t\t\tsrc=\"https:\/\/www.kreisfeuerwehrverband-vechta.de\/wp_KFV_2016\/wp-content\/gallery\/weiterbildung_2016\/thumbs\/thumbs_Weiterbildungsfahrt%202016_006.jpg\"\n\t\t\t\t\twidth=\"240\"\n\t\t\t\t\theight=\"160\"\n\t\t\t\t\tstyle=\"max-width:100%;\"\n\t\t\t\t\/>\n\t\t\t<\/a>\n\t\t<\/div>\n\t\t\t\t\t\t\t<\/div>\n\t\t\t\n\t\t\t\t<div id=\"ngg-image-6\" class=\"ngg-gallery-thumbnail-box\n\t\t\t\t\t\t\t\t\t\t\t\"\n\t\t\t>\n\t\t\t\t\t\t<div class=\"ngg-gallery-thumbnail\">\n\t\t\t<a href=\"https:\/\/www.kreisfeuerwehrverband-vechta.de\/wp_KFV_2016\/wp-content\/gallery\/weiterbildung_2016\/Weiterbildungsfahrt%202016_007.jpg\"\n\t\t\t\ttitle=\"\"\n\t\t\t\tdata-src=\"https:\/\/www.kreisfeuerwehrverband-vechta.de\/wp_KFV_2016\/wp-content\/gallery\/weiterbildung_2016\/Weiterbildungsfahrt%202016_007.jpg\"\n\t\t\t\tdata-thumbnail=\"https:\/\/www.kreisfeuerwehrverband-vechta.de\/wp_KFV_2016\/wp-content\/gallery\/weiterbildung_2016\/thumbs\/thumbs_Weiterbildungsfahrt%202016_007.jpg\"\n\t\t\t\tdata-image-id=\"268\"\n\t\t\t\tdata-title=\"Weiterbildungsfahrt 2016_007\"\n\t\t\t\tdata-description=\"\"\n\t\t\t\tdata-image-slug=\"weiterbildungsfahrt-2016_007\"\n\t\t\t\t\t\t\t\t\t\t\t\t\t\t\t\t\t\t\t\tclass=\"ngg-fancybox\" rel=\"6316be83c27ce736f7ab60d88365f8fd\">\n\t\t\t\t\t\t\t\t<img\n\t\t\t\t\ttitle=\"Weiterbildungsfahrt 2016_007\"\n\t\t\t\t\talt=\"Weiterbildungsfahrt 2016_007\"\n\t\t\t\t\tsrc=\"https:\/\/www.kreisfeuerwehrverband-vechta.de\/wp_KFV_2016\/wp-content\/gallery\/weiterbildung_2016\/thumbs\/thumbs_Weiterbildungsfahrt%202016_007.jpg\"\n\t\t\t\t\twidth=\"240\"\n\t\t\t\t\theight=\"160\"\n\t\t\t\t\tstyle=\"max-width:100%;\"\n\t\t\t\t\/>\n\t\t\t<\/a>\n\t\t<\/div>\n\t\t\t\t\t\t\t<\/div>\n\t\t\t\n\t\t\t\t<div id=\"ngg-image-7\" class=\"ngg-gallery-thumbnail-box\n\t\t\t\t\t\t\t\t\t\t\t\"\n\t\t\t>\n\t\t\t\t\t\t<div class=\"ngg-gallery-thumbnail\">\n\t\t\t<a href=\"https:\/\/www.kreisfeuerwehrverband-vechta.de\/wp_KFV_2016\/wp-content\/gallery\/weiterbildung_2016\/Weiterbildungsfahrt%202016_008.jpg\"\n\t\t\t\ttitle=\"\"\n\t\t\t\tdata-src=\"https:\/\/www.kreisfeuerwehrverband-vechta.de\/wp_KFV_2016\/wp-content\/gallery\/weiterbildung_2016\/Weiterbildungsfahrt%202016_008.jpg\"\n\t\t\t\tdata-thumbnail=\"https:\/\/www.kreisfeuerwehrverband-vechta.de\/wp_KFV_2016\/wp-content\/gallery\/weiterbildung_2016\/thumbs\/thumbs_Weiterbildungsfahrt%202016_008.jpg\"\n\t\t\t\tdata-image-id=\"269\"\n\t\t\t\tdata-title=\"Weiterbildungsfahrt 2016_008\"\n\t\t\t\tdata-description=\"\"\n\t\t\t\tdata-image-slug=\"weiterbildungsfahrt-2016_008\"\n\t\t\t\t\t\t\t\t\t\t\t\t\t\t\t\t\t\t\t\tclass=\"ngg-fancybox\" rel=\"6316be83c27ce736f7ab60d88365f8fd\">\n\t\t\t\t\t\t\t\t<img\n\t\t\t\t\ttitle=\"Weiterbildungsfahrt 2016_008\"\n\t\t\t\t\talt=\"Weiterbildungsfahrt 2016_008\"\n\t\t\t\t\tsrc=\"https:\/\/www.kreisfeuerwehrverband-vechta.de\/wp_KFV_2016\/wp-content\/gallery\/weiterbildung_2016\/thumbs\/thumbs_Weiterbildungsfahrt%202016_008.jpg\"\n\t\t\t\t\twidth=\"240\"\n\t\t\t\t\theight=\"160\"\n\t\t\t\t\tstyle=\"max-width:100%;\"\n\t\t\t\t\/>\n\t\t\t<\/a>\n\t\t<\/div>\n\t\t\t\t\t\t\t<\/div>\n\t\t\t\n\t\t\t\t<div id=\"ngg-image-8\" class=\"ngg-gallery-thumbnail-box\n\t\t\t\t\t\t\t\t\t\t\t\"\n\t\t\t>\n\t\t\t\t\t\t<div class=\"ngg-gallery-thumbnail\">\n\t\t\t<a href=\"https:\/\/www.kreisfeuerwehrverband-vechta.de\/wp_KFV_2016\/wp-content\/gallery\/weiterbildung_2016\/Weiterbildungsfahrt%202016_009.jpg\"\n\t\t\t\ttitle=\"\"\n\t\t\t\tdata-src=\"https:\/\/www.kreisfeuerwehrverband-vechta.de\/wp_KFV_2016\/wp-content\/gallery\/weiterbildung_2016\/Weiterbildungsfahrt%202016_009.jpg\"\n\t\t\t\tdata-thumbnail=\"https:\/\/www.kreisfeuerwehrverband-vechta.de\/wp_KFV_2016\/wp-content\/gallery\/weiterbildung_2016\/thumbs\/thumbs_Weiterbildungsfahrt%202016_009.jpg\"\n\t\t\t\tdata-image-id=\"270\"\n\t\t\t\tdata-title=\"Weiterbildungsfahrt 2016_009\"\n\t\t\t\tdata-description=\"\"\n\t\t\t\tdata-image-slug=\"weiterbildungsfahrt-2016_009\"\n\t\t\t\t\t\t\t\t\t\t\t\t\t\t\t\t\t\t\t\tclass=\"ngg-fancybox\" rel=\"6316be83c27ce736f7ab60d88365f8fd\">\n\t\t\t\t\t\t\t\t<img\n\t\t\t\t\ttitle=\"Weiterbildungsfahrt 2016_009\"\n\t\t\t\t\talt=\"Weiterbildungsfahrt 2016_009\"\n\t\t\t\t\tsrc=\"https:\/\/www.kreisfeuerwehrverband-vechta.de\/wp_KFV_2016\/wp-content\/gallery\/weiterbildung_2016\/thumbs\/thumbs_Weiterbildungsfahrt%202016_009.jpg\"\n\t\t\t\t\twidth=\"240\"\n\t\t\t\t\theight=\"160\"\n\t\t\t\t\tstyle=\"max-width:100%;\"\n\t\t\t\t\/>\n\t\t\t<\/a>\n\t\t<\/div>\n\t\t\t\t\t\t\t<\/div>\n\t\t\t\n\t\t\t\t<div id=\"ngg-image-9\" class=\"ngg-gallery-thumbnail-box\n\t\t\t\t\t\t\t\t\t\t\t\"\n\t\t\t>\n\t\t\t\t\t\t<div class=\"ngg-gallery-thumbnail\">\n\t\t\t<a href=\"https:\/\/www.kreisfeuerwehrverband-vechta.de\/wp_KFV_2016\/wp-content\/gallery\/weiterbildung_2016\/Weiterbildungsfahrt%202016_010.jpg\"\n\t\t\t\ttitle=\"\"\n\t\t\t\tdata-src=\"https:\/\/www.kreisfeuerwehrverband-vechta.de\/wp_KFV_2016\/wp-content\/gallery\/weiterbildung_2016\/Weiterbildungsfahrt%202016_010.jpg\"\n\t\t\t\tdata-thumbnail=\"https:\/\/www.kreisfeuerwehrverband-vechta.de\/wp_KFV_2016\/wp-content\/gallery\/weiterbildung_2016\/thumbs\/thumbs_Weiterbildungsfahrt%202016_010.jpg\"\n\t\t\t\tdata-image-id=\"271\"\n\t\t\t\tdata-title=\"Weiterbildungsfahrt 2016_010\"\n\t\t\t\tdata-description=\"\"\n\t\t\t\tdata-image-slug=\"weiterbildungsfahrt-2016_010\"\n\t\t\t\t\t\t\t\t\t\t\t\t\t\t\t\t\t\t\t\tclass=\"ngg-fancybox\" rel=\"6316be83c27ce736f7ab60d88365f8fd\">\n\t\t\t\t\t\t\t\t<img\n\t\t\t\t\ttitle=\"Weiterbildungsfahrt 2016_010\"\n\t\t\t\t\talt=\"Weiterbildungsfahrt 2016_010\"\n\t\t\t\t\tsrc=\"https:\/\/www.kreisfeuerwehrverband-vechta.de\/wp_KFV_2016\/wp-content\/gallery\/weiterbildung_2016\/thumbs\/thumbs_Weiterbildungsfahrt%202016_010.jpg\"\n\t\t\t\t\twidth=\"240\"\n\t\t\t\t\theight=\"160\"\n\t\t\t\t\tstyle=\"max-width:100%;\"\n\t\t\t\t\/>\n\t\t\t<\/a>\n\t\t<\/div>\n\t\t\t\t\t\t\t<\/div>\n\t\t\t\n\t\t\t\t<div id=\"ngg-image-10\" class=\"ngg-gallery-thumbnail-box\n\t\t\t\t\t\t\t\t\t\t\t\"\n\t\t\t>\n\t\t\t\t\t\t<div class=\"ngg-gallery-thumbnail\">\n\t\t\t<a href=\"https:\/\/www.kreisfeuerwehrverband-vechta.de\/wp_KFV_2016\/wp-content\/gallery\/weiterbildung_2016\/Weiterbildungsfahrt%202016_011.jpg\"\n\t\t\t\ttitle=\"\"\n\t\t\t\tdata-src=\"https:\/\/www.kreisfeuerwehrverband-vechta.de\/wp_KFV_2016\/wp-content\/gallery\/weiterbildung_2016\/Weiterbildungsfahrt%202016_011.jpg\"\n\t\t\t\tdata-thumbnail=\"https:\/\/www.kreisfeuerwehrverband-vechta.de\/wp_KFV_2016\/wp-content\/gallery\/weiterbildung_2016\/thumbs\/thumbs_Weiterbildungsfahrt%202016_011.jpg\"\n\t\t\t\tdata-image-id=\"272\"\n\t\t\t\tdata-title=\"Weiterbildungsfahrt 2016_011\"\n\t\t\t\tdata-description=\"\"\n\t\t\t\tdata-image-slug=\"weiterbildungsfahrt-2016_011\"\n\t\t\t\t\t\t\t\t\t\t\t\t\t\t\t\t\t\t\t\tclass=\"ngg-fancybox\" rel=\"6316be83c27ce736f7ab60d88365f8fd\">\n\t\t\t\t\t\t\t\t<img\n\t\t\t\t\ttitle=\"Weiterbildungsfahrt 2016_011\"\n\t\t\t\t\talt=\"Weiterbildungsfahrt 2016_011\"\n\t\t\t\t\tsrc=\"https:\/\/www.kreisfeuerwehrverband-vechta.de\/wp_KFV_2016\/wp-content\/gallery\/weiterbildung_2016\/thumbs\/thumbs_Weiterbildungsfahrt%202016_011.jpg\"\n\t\t\t\t\twidth=\"240\"\n\t\t\t\t\theight=\"160\"\n\t\t\t\t\tstyle=\"max-width:100%;\"\n\t\t\t\t\/>\n\t\t\t<\/a>\n\t\t<\/div>\n\t\t\t\t\t\t\t<\/div>\n\t\t\t\n\t\t\t\t<div id=\"ngg-image-11\" class=\"ngg-gallery-thumbnail-box\n\t\t\t\t\t\t\t\t\t\t\t\"\n\t\t\t>\n\t\t\t\t\t\t<div class=\"ngg-gallery-thumbnail\">\n\t\t\t<a href=\"https:\/\/www.kreisfeuerwehrverband-vechta.de\/wp_KFV_2016\/wp-content\/gallery\/weiterbildung_2016\/Weiterbildungsfahrt%202016_012.jpg\"\n\t\t\t\ttitle=\"\"\n\t\t\t\tdata-src=\"https:\/\/www.kreisfeuerwehrverband-vechta.de\/wp_KFV_2016\/wp-content\/gallery\/weiterbildung_2016\/Weiterbildungsfahrt%202016_012.jpg\"\n\t\t\t\tdata-thumbnail=\"https:\/\/www.kreisfeuerwehrverband-vechta.de\/wp_KFV_2016\/wp-content\/gallery\/weiterbildung_2016\/thumbs\/thumbs_Weiterbildungsfahrt%202016_012.jpg\"\n\t\t\t\tdata-image-id=\"273\"\n\t\t\t\tdata-title=\"Weiterbildungsfahrt 2016_012\"\n\t\t\t\tdata-description=\"\"\n\t\t\t\tdata-image-slug=\"weiterbildungsfahrt-2016_012\"\n\t\t\t\t\t\t\t\t\t\t\t\t\t\t\t\t\t\t\t\tclass=\"ngg-fancybox\" rel=\"6316be83c27ce736f7ab60d88365f8fd\">\n\t\t\t\t\t\t\t\t<img\n\t\t\t\t\ttitle=\"Weiterbildungsfahrt 2016_012\"\n\t\t\t\t\talt=\"Weiterbildungsfahrt 2016_012\"\n\t\t\t\t\tsrc=\"https:\/\/www.kreisfeuerwehrverband-vechta.de\/wp_KFV_2016\/wp-content\/gallery\/weiterbildung_2016\/thumbs\/thumbs_Weiterbildungsfahrt%202016_012.jpg\"\n\t\t\t\t\twidth=\"240\"\n\t\t\t\t\theight=\"160\"\n\t\t\t\t\tstyle=\"max-width:100%;\"\n\t\t\t\t\/>\n\t\t\t<\/a>\n\t\t<\/div>\n\t\t\t\t\t\t\t<\/div>\n\t\t\t\n\t\t\t\t<div id=\"ngg-image-12\" class=\"ngg-gallery-thumbnail-box\n\t\t\t\t\t\t\t\t\t\t\t\"\n\t\t\t>\n\t\t\t\t\t\t<div class=\"ngg-gallery-thumbnail\">\n\t\t\t<a href=\"https:\/\/www.kreisfeuerwehrverband-vechta.de\/wp_KFV_2016\/wp-content\/gallery\/weiterbildung_2016\/Weiterbildungsfahrt%202016_013.jpg\"\n\t\t\t\ttitle=\"\"\n\t\t\t\tdata-src=\"https:\/\/www.kreisfeuerwehrverband-vechta.de\/wp_KFV_2016\/wp-content\/gallery\/weiterbildung_2016\/Weiterbildungsfahrt%202016_013.jpg\"\n\t\t\t\tdata-thumbnail=\"https:\/\/www.kreisfeuerwehrverband-vechta.de\/wp_KFV_2016\/wp-content\/gallery\/weiterbildung_2016\/thumbs\/thumbs_Weiterbildungsfahrt%202016_013.jpg\"\n\t\t\t\tdata-image-id=\"274\"\n\t\t\t\tdata-title=\"Weiterbildungsfahrt 2016_013\"\n\t\t\t\tdata-description=\"\"\n\t\t\t\tdata-image-slug=\"weiterbildungsfahrt-2016_013\"\n\t\t\t\t\t\t\t\t\t\t\t\t\t\t\t\t\t\t\t\tclass=\"ngg-fancybox\" rel=\"6316be83c27ce736f7ab60d88365f8fd\">\n\t\t\t\t\t\t\t\t<img\n\t\t\t\t\ttitle=\"Weiterbildungsfahrt 2016_013\"\n\t\t\t\t\talt=\"Weiterbildungsfahrt 2016_013\"\n\t\t\t\t\tsrc=\"https:\/\/www.kreisfeuerwehrverband-vechta.de\/wp_KFV_2016\/wp-content\/gallery\/weiterbildung_2016\/thumbs\/thumbs_Weiterbildungsfahrt%202016_013.jpg\"\n\t\t\t\t\twidth=\"240\"\n\t\t\t\t\theight=\"160\"\n\t\t\t\t\tstyle=\"max-width:100%;\"\n\t\t\t\t\/>\n\t\t\t<\/a>\n\t\t<\/div>\n\t\t\t\t\t\t\t<\/div>\n\t\t\t\n\t\n\t<br style=\"clear: both\" \/>\n\n\t\n\t\t<!-- Pagination -->\n\t\t<div class='ngg-clear'><\/div>\t<\/div>\n<\/p>\n","protected":false},"excerpt":{"rendered":"<p>Vechta\/Dissen\/Bielefeld. Die diesj\u00e4hrige Weiterbildungsfahrt der F\u00fchrungskr\u00e4fte der Feuerwehren des Landkreises Vechta f\u00fchrte am Vormittag zur Firma Schlingmann Feuerwehrfahrzeugbau in Dissen. Dort angekommen, konnte nach einer kurzen Pause der Blick in die Fertigungshallen geworfen werden und Teile der Fahrzeugproduktions besichtig werden.<\/p>\n","protected":false},"author":1,"featured_media":1192,"comment_status":"closed","ping_status":"closed","sticky":false,"template":"","format":"standard","meta":{"ngg_post_thumbnail":0,"footnotes":""},"categories":[1],"tags":[],"class_list":["post-1162","post","type-post","status-publish","format-standard","has-post-thumbnail","hentry","category-kreisfeuerwehrverband"],"_links":{"self":[{"href":"https:\/\/www.kreisfeuerwehrverband-vechta.de\/index.php?rest_route=\/wp\/v2\/posts\/1162","targetHints":{"allow":["GET"]}}],"collection":[{"href":"https:\/\/www.kreisfeuerwehrverband-vechta.de\/index.php?rest_route=\/wp\/v2\/posts"}],"about":[{"href":"https:\/\/www.kreisfeuerwehrverband-vechta.de\/index.php?rest_route=\/wp\/v2\/types\/post"}],"author":[{"embeddable":true,"href":"https:\/\/www.kreisfeuerwehrverband-vechta.de\/index.php?rest_route=\/wp\/v2\/users\/1"}],"replies":[{"embeddable":true,"href":"https:\/\/www.kreisfeuerwehrverband-vechta.de\/index.php?rest_route=%2Fwp%2Fv2%2Fcomments&post=1162"}],"version-history":[{"count":0,"href":"https:\/\/www.kreisfeuerwehrverband-vechta.de\/index.php?rest_route=\/wp\/v2\/posts\/1162\/revisions"}],"wp:featuredmedia":[{"embeddable":true,"href":"https:\/\/www.kreisfeuerwehrverband-vechta.de\/index.php?rest_route=\/wp\/v2\/media\/1192"}],"wp:attachment":[{"href":"https:\/\/www.kreisfeuerwehrverband-vechta.de\/index.php?rest_route=%2Fwp%2Fv2%2Fmedia&parent=1162"}],"wp:term":[{"taxonomy":"category","embeddable":true,"href":"https:\/\/www.kreisfeuerwehrverband-vechta.de\/index.php?rest_route=%2Fwp%2Fv2%2Fcategories&post=1162"},{"taxonomy":"post_tag","embeddable":true,"href":"https:\/\/www.kreisfeuerwehrverband-vechta.de\/index.php?rest_route=%2Fwp%2Fv2%2Ftags&post=1162"}],"curies":[{"name":"wp","href":"https:\/\/api.w.org\/{rel}","templated":true}]}}