{"id":10347,"date":"2025-07-26T19:55:14","date_gmt":"2025-07-26T17:55:14","guid":{"rendered":"https:\/\/www.kreisfeuerwehrverband-vechta.de\/?p=10347"},"modified":"2025-07-26T19:55:14","modified_gmt":"2025-07-26T17:55:14","slug":"elw-praxistag-in-steinfeld-26-07-2025","status":"publish","type":"post","link":"https:\/\/www.kreisfeuerwehrverband-vechta.de\/?p=10347","title":{"rendered":"ELW-Praxistag in Steinfeld \/ 26.07.2025"},"content":{"rendered":"<p>Nachdem in diesem Jahr alle Einsatzleitwagen im Landkreis Vechta auf die Einsatzleitsoftware EDP umgestellt haben, trafen sich heute Vormittag die ELW-Gruppen aus Bakum, Damme, Langf\u00f6rden, Lohne, Steinfeld, Vechta sowie der ELW des Rettungsdienstes zu einem gemeinsamen Praxistag.<\/p>\n<p>In simulierten Einsatzlagen mussten die ELW-Gruppen unter m\u00f6glichst realistischen Bedingungen den Funkverkehr abarbeiten, Einsatzabschnitte bilden, die Zusammenarbeit koordinieren und zudem den Einsatzverlauf dokumentieren.<\/p>\n<p>Die in der Vergangenheit bereits durchgef\u00fchrten Praxistage haben gezeigt, wie wichtig diese gemeinsamen \u00dcbungstage sind \u2013 auch f\u00fcr den Austausch untereinander.<\/p>\n<p>Vielen Dank an die Feuerwehr Steinfeld f\u00fcr das Zurverf\u00fcgungstellen der R\u00e4umlichkeiten und die hervorragende&nbsp;Bewirtung.<\/p>\nngg_shortcode_0_placeholder\n","protected":false},"excerpt":{"rendered":"<p>Nachdem in diesem Jahr alle Einsatzleitwagen im Landkreis Vechta auf die Einsatzleitsoftware EDP umgestellt haben, trafen sich heute Vormittag die ELW-Gruppen aus Bakum, Damme, Langf\u00f6rden, Lohne, Steinfeld, Vechta sowie der ELW des Rettungsdienstes zu einem gemeinsamen Praxistag. In simulierten Einsatzlagen<\/p>\n","protected":false},"author":5,"featured_media":10348,"comment_status":"closed","ping_status":"closed","sticky":false,"template":"","format":"standard","meta":{"ngg_post_thumbnail":0,"footnotes":""},"categories":[44],"tags":[],"class_list":["post-10347","post","type-post","status-publish","format-standard","has-post-thumbnail","hentry","category-kreisfeuerwehr"],"_links":{"self":[{"href":"https:\/\/www.kreisfeuerwehrverband-vechta.de\/index.php?rest_route=\/wp\/v2\/posts\/10347","targetHints":{"allow":["GET"]}}],"collection":[{"href":"https:\/\/www.kreisfeuerwehrverband-vechta.de\/index.php?rest_route=\/wp\/v2\/posts"}],"about":[{"href":"https:\/\/www.kreisfeuerwehrverband-vechta.de\/index.php?rest_route=\/wp\/v2\/types\/post"}],"author":[{"embeddable":true,"href":"https:\/\/www.kreisfeuerwehrverband-vechta.de\/index.php?rest_route=\/wp\/v2\/users\/5"}],"replies":[{"embeddable":true,"href":"https:\/\/www.kreisfeuerwehrverband-vechta.de\/index.php?rest_route=%2Fwp%2Fv2%2Fcomments&post=10347"}],"version-history":[{"count":0,"href":"https:\/\/www.kreisfeuerwehrverband-vechta.de\/index.php?rest_route=\/wp\/v2\/posts\/10347\/revisions"}],"wp:featuredmedia":[{"embeddable":true,"href":"https:\/\/www.kreisfeuerwehrverband-vechta.de\/index.php?rest_route=\/wp\/v2\/media\/10348"}],"wp:attachment":[{"href":"https:\/\/www.kreisfeuerwehrverband-vechta.de\/index.php?rest_route=%2Fwp%2Fv2%2Fmedia&parent=10347"}],"wp:term":[{"taxonomy":"category","embeddable":true,"href":"https:\/\/www.kreisfeuerwehrverband-vechta.de\/index.php?rest_route=%2Fwp%2Fv2%2Fcategories&post=10347"},{"taxonomy":"post_tag","embeddable":true,"href":"https:\/\/www.kreisfeuerwehrverband-vechta.de\/index.php?rest_route=%2Fwp%2Fv2%2Ftags&post=10347"}],"curies":[{"name":"wp","href":"https:\/\/api.w.org\/{rel}","templated":true}]}}